{"id":30867,"date":"2026-01-23T09:42:18","date_gmt":"2026-01-23T14:42:18","guid":{"rendered":"https:\/\/lfih.org\/?p=30867"},"modified":"2026-01-23T09:43:10","modified_gmt":"2026-01-23T14:43:10","slug":"semana-de-las-ensenanzas-especializadas","status":"publish","type":"post","link":"https:\/\/lfih.org\/index.php\/semana-de-las-ensenanzas-especializadas\/","title":{"rendered":"Semana de las ense\u00f1anzas especializadas"},"content":{"rendered":"\t\t<div data-elementor-type=\"wp-post\" data-elementor-id=\"30867\" class=\"elementor elementor-30867\" data-elementor-settings=\"[]\">\n\t\t\t\t\t\t<div class=\"elementor-inner\">\n\t\t\t\t\t\t\t<div class=\"elementor-section-wrap\">\n\t\t\t\t\t\t\t<section class=\"elementor-section elementor-top-section elementor-element elementor-element-265e6d1 elementor-section-boxed elementor-section-height-default elementor-section-height-default\" data-id=\"265e6d1\" data-element_type=\"section\">\n\t\t\t\t\t\t<div class=\"elementor-container elementor-column-gap-default\">\n\t\t\t\t\t\t\t<div class=\"elementor-row\">\n\t\t\t\t\t<div class=\"elementor-column elementor-col-100 elementor-top-column elementor-element elementor-element-9859f99\" data-id=\"9859f99\" data-element_type=\"column\">\n\t\t\t<div class=\"elementor-column-wrap elementor-element-populated\">\n\t\t\t\t\t\t\t<div class=\"elementor-widget-wrap\">\n\t\t\t\t\t\t<div class=\"elementor-element elementor-element-e1d5acd animated-slow elementor-invisible elementor-widget elementor-widget-heading\" data-id=\"e1d5acd\" data-element_type=\"widget\" data-settings=\"{&quot;_animation&quot;:&quot;fadeInDown&quot;}\" data-widget_type=\"heading.default\">\n\t\t\t\t<div class=\"elementor-widget-container\">\n\t\t\t<h1 class=\"elementor-heading-title elementor-size-default\">Defensa y ciudadan\u00eda<\/h1>\t\t<\/div>\n\t\t\t\t<\/div>\n\t\t\t\t\t\t<\/div>\n\t\t\t\t\t<\/div>\n\t\t<\/div>\n\t\t\t\t\t\t\t\t<\/div>\n\t\t\t\t\t<\/div>\n\t\t<\/section>\n\t\t\t\t<section class=\"elementor-section elementor-top-section elementor-element elementor-element-845f2b0 elementor-section-boxed elementor-section-height-default elementor-section-height-default\" data-id=\"845f2b0\" data-element_type=\"section\">\n\t\t\t\t\t\t<div class=\"elementor-container elementor-column-gap-default\">\n\t\t\t\t\t\t\t<div class=\"elementor-row\">\n\t\t\t\t\t<div class=\"elementor-column elementor-col-100 elementor-top-column elementor-element elementor-element-4c1ed04\" data-id=\"4c1ed04\" data-element_type=\"column\">\n\t\t\t<div class=\"elementor-column-wrap elementor-element-populated\">\n\t\t\t\t\t\t\t<div class=\"elementor-widget-wrap\">\n\t\t\t\t\t\t<div class=\"elementor-element elementor-element-4bf117e animated-slow elementor-invisible elementor-widget elementor-widget-heading\" data-id=\"4bf117e\" data-element_type=\"widget\" data-settings=\"{&quot;_animation&quot;:&quot;fadeIn&quot;,&quot;_animation_delay&quot;:800}\" data-widget_type=\"heading.default\">\n\t\t\t\t<div class=\"elementor-widget-container\">\n\t\t\t<h3 class=\"elementor-heading-title elementor-size-default\">un encuentro enriquecedor para los alumnos de 3.\u00ba<\/h3>\t\t<\/div>\n\t\t\t\t<\/div>\n\t\t\t\t\t\t<\/div>\n\t\t\t\t\t<\/div>\n\t\t<\/div>\n\t\t\t\t\t\t\t\t<\/div>\n\t\t\t\t\t<\/div>\n\t\t<\/section>\n\t\t\t\t<section class=\"elementor-section elementor-top-section elementor-element elementor-element-c3f7f13 elementor-section-boxed elementor-section-height-default elementor-section-height-default\" data-id=\"c3f7f13\" data-element_type=\"section\">\n\t\t\t\t\t\t<div class=\"elementor-container elementor-column-gap-default\">\n\t\t\t\t\t\t\t<div class=\"elementor-row\">\n\t\t\t\t\t<div class=\"elementor-column elementor-col-50 elementor-top-column elementor-element elementor-element-69a6675\" data-id=\"69a6675\" data-element_type=\"column\">\n\t\t\t<div class=\"elementor-column-wrap elementor-element-populated\">\n\t\t\t\t\t\t\t<div class=\"elementor-widget-wrap\">\n\t\t\t\t\t\t<div class=\"elementor-element elementor-element-e8f6bed elementor-invisible elementor-widget elementor-widget-image\" data-id=\"e8f6bed\" data-element_type=\"widget\" data-settings=\"{&quot;_animation&quot;:&quot;fadeInRight&quot;}\" data-widget_type=\"image.default\">\n\t\t\t\t<div class=\"elementor-widget-container\">\n\t\t\t\t\t<div class=\"elementor-image\">\n\t\t\t\t\t\t\t\t\t\t\t<a href=\"https:\/\/lfih.org\/wp-content\/uploads\/2026\/01\/WhatsApp-Image-2026-01-23-at-08.30.55.jpeg\" data-elementor-open-lightbox=\"yes\" data-elementor-lightbox-title=\"WhatsApp Image 2026-01-23 at 08.30.55\">\n\t\t\t\t\t\t\t<img width=\"1024\" height=\"771\" src=\"https:\/\/lfih.org\/wp-content\/uploads\/2026\/01\/WhatsApp-Image-2026-01-23-at-08.30.55-1024x771.jpeg\" class=\"attachment-large size-large\" alt=\"\" loading=\"lazy\" srcset=\"https:\/\/lfih.org\/wp-content\/uploads\/2026\/01\/WhatsApp-Image-2026-01-23-at-08.30.55-1024x771.jpeg 1024w, https:\/\/lfih.org\/wp-content\/uploads\/2026\/01\/WhatsApp-Image-2026-01-23-at-08.30.55-300x226.jpeg 300w, https:\/\/lfih.org\/wp-content\/uploads\/2026\/01\/WhatsApp-Image-2026-01-23-at-08.30.55-100x75.jpeg 100w, https:\/\/lfih.org\/wp-content\/uploads\/2026\/01\/WhatsApp-Image-2026-01-23-at-08.30.55-1536x1157.jpeg 1536w, https:\/\/lfih.org\/wp-content\/uploads\/2026\/01\/WhatsApp-Image-2026-01-23-at-08.30.55.jpeg 2040w, https:\/\/lfih.org\/wp-content\/uploads\/2026\/01\/WhatsApp-Image-2026-01-23-at-08.30.55-150x113.jpeg 150w\" sizes=\"(max-width: 1024px) 100vw, 1024px\" \/>\t\t\t\t\t\t\t\t<\/a>\n\t\t\t\t\t\t\t\t\t\t\t<\/div>\n\t\t\t\t<\/div>\n\t\t\t\t<\/div>\n\t\t\t\t\t\t<\/div>\n\t\t\t\t\t<\/div>\n\t\t<\/div>\n\t\t\t\t<div class=\"elementor-column elementor-col-50 elementor-top-column elementor-element elementor-element-432ed24 elementor-invisible\" data-id=\"432ed24\" data-element_type=\"column\" data-settings=\"{&quot;animation&quot;:&quot;fadeInLeft&quot;}\">\n\t\t\t<div class=\"elementor-column-wrap elementor-element-populated\">\n\t\t\t\t\t\t\t<div class=\"elementor-widget-wrap\">\n\t\t\t\t\t\t<div class=\"elementor-element elementor-element-c59f3a2 elementor-widget elementor-widget-image\" data-id=\"c59f3a2\" data-element_type=\"widget\" data-widget_type=\"image.default\">\n\t\t\t\t<div class=\"elementor-widget-container\">\n\t\t\t\t\t<div class=\"elementor-image\">\n\t\t\t\t\t\t\t\t\t\t\t<a href=\"https:\/\/lfih.org\/wp-content\/uploads\/2026\/01\/WhatsApp-Image-2026-01-23-at-08.30.53.jpeg\" data-elementor-open-lightbox=\"yes\" data-elementor-lightbox-title=\"WhatsApp Image 2026-01-23 at 08.30.53\">\n\t\t\t\t\t\t\t<img width=\"1024\" height=\"771\" src=\"https:\/\/lfih.org\/wp-content\/uploads\/2026\/01\/WhatsApp-Image-2026-01-23-at-08.30.53-1024x771.jpeg\" class=\"attachment-large size-large\" alt=\"\" loading=\"lazy\" srcset=\"https:\/\/lfih.org\/wp-content\/uploads\/2026\/01\/WhatsApp-Image-2026-01-23-at-08.30.53-1024x771.jpeg 1024w, https:\/\/lfih.org\/wp-content\/uploads\/2026\/01\/WhatsApp-Image-2026-01-23-at-08.30.53-300x226.jpeg 300w, https:\/\/lfih.org\/wp-content\/uploads\/2026\/01\/WhatsApp-Image-2026-01-23-at-08.30.53-100x75.jpeg 100w, https:\/\/lfih.org\/wp-content\/uploads\/2026\/01\/WhatsApp-Image-2026-01-23-at-08.30.53-1536x1157.jpeg 1536w, https:\/\/lfih.org\/wp-content\/uploads\/2026\/01\/WhatsApp-Image-2026-01-23-at-08.30.53.jpeg 2040w, https:\/\/lfih.org\/wp-content\/uploads\/2026\/01\/WhatsApp-Image-2026-01-23-at-08.30.53-150x113.jpeg 150w\" sizes=\"(max-width: 1024px) 100vw, 1024px\" \/>\t\t\t\t\t\t\t\t<\/a>\n\t\t\t\t\t\t\t\t\t\t\t<\/div>\n\t\t\t\t<\/div>\n\t\t\t\t<\/div>\n\t\t\t\t\t\t<\/div>\n\t\t\t\t\t<\/div>\n\t\t<\/div>\n\t\t\t\t\t\t\t\t<\/div>\n\t\t\t\t\t<\/div>\n\t\t<\/section>\n\t\t\t\t<section class=\"elementor-section elementor-top-section elementor-element elementor-element-0fecdb4 elementor-section-boxed elementor-section-height-default elementor-section-height-default\" data-id=\"0fecdb4\" data-element_type=\"section\">\n\t\t\t\t\t\t<div class=\"elementor-container elementor-column-gap-default\">\n\t\t\t\t\t\t\t<div class=\"elementor-row\">\n\t\t\t\t\t<div class=\"elementor-column elementor-col-100 elementor-top-column elementor-element elementor-element-e4023d1\" data-id=\"e4023d1\" data-element_type=\"column\">\n\t\t\t<div class=\"elementor-column-wrap elementor-element-populated\">\n\t\t\t\t\t\t\t<div class=\"elementor-widget-wrap\">\n\t\t\t\t\t\t<div class=\"elementor-element elementor-element-3de05fa elementor-invisible elementor-widget elementor-widget-text-editor\" data-id=\"3de05fa\" data-element_type=\"widget\" data-settings=\"{&quot;_animation&quot;:&quot;fadeInUp&quot;}\" data-widget_type=\"text-editor.default\">\n\t\t\t\t<div class=\"elementor-widget-container\">\n\t\t\t\t\t<div class=\"elementor-text-editor elementor-clearfix\"><p>En el marco del cap\u00edtulo 4 del programa de Educaci\u00f3n moral y c\u00edvica (EMC) de 3.\u00ba, titulado \u00abDefensa y ciudadan\u00eda\u00bb, los alumnos tuvieron la oportunidad de conversar con dos profesionales comprometidos con la seguridad y la protecci\u00f3n de los ciudadanos.<\/p><p>S\u00e9bastien P\u00e9rez, gendarme destinado en la embajada de Francia, y Norven Florendeau, jefa de seguridad, acudieron al encuentro con los alumnos para responder a sus numerosas preguntas. Los intercambios permitieron comprender mejor las misiones de la gendarmer\u00eda, los retos de la seguridad en un contexto diplom\u00e1tico, as\u00ed como el papel esencial de las fuerzas de defensa en la protecci\u00f3n de los ciudadanos y las instituciones.<\/p><p>Esta intervenci\u00f3n concreta y din\u00e1mica dio sentido a los conceptos estudiados en clase, ilustrando de manera concreta el compromiso ciudadano y los valores republicanos.<\/p><p>Marion Giraldou<\/p><\/div>\n\t\t\t\t<\/div>\n\t\t\t\t<\/div>\n\t\t\t\t\t\t<\/div>\n\t\t\t\t\t<\/div>\n\t\t<\/div>\n\t\t\t\t\t\t\t\t<\/div>\n\t\t\t\t\t<\/div>\n\t\t<\/section>\n\t\t\t\t<section class=\"elementor-section elementor-top-section elementor-element elementor-element-a4dd80b elementor-section-boxed elementor-section-height-default elementor-section-height-default\" data-id=\"a4dd80b\" data-element_type=\"section\">\n\t\t\t\t\t\t<div class=\"elementor-container elementor-column-gap-default\">\n\t\t\t\t\t\t\t<div class=\"elementor-row\">\n\t\t\t\t\t<div class=\"elementor-column elementor-col-100 elementor-top-column elementor-element elementor-element-c724852\" data-id=\"c724852\" data-element_type=\"column\">\n\t\t\t<div class=\"elementor-column-wrap elementor-element-populated\">\n\t\t\t\t\t\t\t<div class=\"elementor-widget-wrap\">\n\t\t\t\t\t\t<div class=\"elementor-element elementor-element-3acfdd8 animated-slow elementor-invisible elementor-widget elementor-widget-heading\" data-id=\"3acfdd8\" data-element_type=\"widget\" data-settings=\"{&quot;_animation&quot;:&quot;fadeIn&quot;}\" data-widget_type=\"heading.default\">\n\t\t\t\t<div class=\"elementor-widget-container\">\n\t\t\t<h2 class=\"elementor-heading-title elementor-size-default\">\u00a0Semaine des Enseignements de Sp\u00e9cialit\u00e9<\/h2>\t\t<\/div>\n\t\t\t\t<\/div>\n\t\t\t\t\t\t<\/div>\n\t\t\t\t\t<\/div>\n\t\t<\/div>\n\t\t\t\t\t\t\t\t<\/div>\n\t\t\t\t\t<\/div>\n\t\t<\/section>\n\t\t\t\t<section class=\"elementor-section elementor-top-section elementor-element elementor-element-ab41d43 elementor-section-boxed elementor-section-height-default elementor-section-height-default\" data-id=\"ab41d43\" data-element_type=\"section\">\n\t\t\t\t\t\t<div class=\"elementor-container elementor-column-gap-default\">\n\t\t\t\t\t\t\t<div class=\"elementor-row\">\n\t\t\t\t\t<div class=\"elementor-column elementor-col-100 elementor-top-column elementor-element elementor-element-185523c\" data-id=\"185523c\" data-element_type=\"column\">\n\t\t\t<div class=\"elementor-column-wrap elementor-element-populated\">\n\t\t\t\t\t\t\t<div class=\"elementor-widget-wrap\">\n\t\t\t\t\t\t<div class=\"elementor-element elementor-element-8ee6520 animated-slow elementor-invisible elementor-widget elementor-widget-heading\" data-id=\"8ee6520\" data-element_type=\"widget\" data-settings=\"{&quot;_animation&quot;:&quot;fadeIn&quot;,&quot;_animation_delay&quot;:1000}\" data-widget_type=\"heading.default\">\n\t\t\t\t<div class=\"elementor-widget-container\">\n\t\t\t<h4 class=\"elementor-heading-title elementor-size-default\">Du lundi 26 janvier au vendredi 1er f\u00e9vrier sur le forum AGORA<\/h4>\t\t<\/div>\n\t\t\t\t<\/div>\n\t\t\t\t\t\t<\/div>\n\t\t\t\t\t<\/div>\n\t\t<\/div>\n\t\t\t\t\t\t\t\t<\/div>\n\t\t\t\t\t<\/div>\n\t\t<\/section>\n\t\t\t\t<section class=\"elementor-section elementor-top-section elementor-element elementor-element-2032d48 elementor-section-boxed elementor-section-height-default elementor-section-height-default\" data-id=\"2032d48\" data-element_type=\"section\">\n\t\t\t\t\t\t<div class=\"elementor-container elementor-column-gap-default\">\n\t\t\t\t\t\t\t<div class=\"elementor-row\">\n\t\t\t\t\t<div class=\"elementor-column elementor-col-100 elementor-top-column elementor-element elementor-element-28de898\" data-id=\"28de898\" data-element_type=\"column\">\n\t\t\t<div class=\"elementor-column-wrap elementor-element-populated\">\n\t\t\t\t\t\t\t<div class=\"elementor-widget-wrap\">\n\t\t\t\t\t\t<div class=\"elementor-element elementor-element-4d2a4c1 elementor-widget elementor-widget-text-editor\" data-id=\"4d2a4c1\" data-element_type=\"widget\" data-widget_type=\"text-editor.default\">\n\t\t\t\t<div class=\"elementor-widget-container\">\n\t\t\t\t\t<div class=\"elementor-text-editor elementor-clearfix\"><p>Une semaine d\u2019\u00e9changes entre les \u00e9l\u00e8ves de seconde et de premi\u00e8re, anciens \u00e9l\u00e8ves et enseignants du r\u00e9seau AEFE, est organis\u00e9e par la plateforme AGORA Monde afin d\u2019aiguiller et de r\u00e9pondre aux interrogations des \u00e9l\u00e8ves dans leur choix d\u2019enseignements de sp\u00e9cialit\u00e9.<\/p><p>\u00a0<strong>Du lundi 26 janvier au dimanche 1<sup>er<\/sup> f\u00e9vrier 2026 aura lieu la cinqui\u00e8me \u00e9dition de la semaine des Enseignements de Sp\u00e9cialit\u00e9 sur le <\/strong><a href=\"https:\/\/agora-aefe.fr\/forum\/agora\/questions\"><strong>forum AGORA.<\/strong><\/a><\/p><p>Cette semaine, plac\u00e9e sous le signe de l\u2019orientation au lyc\u00e9e, propose aux lyc\u00e9ens du r\u00e9seau de poser toutes leurs questions en ligne sur le forum AGORA. Pour l\u2019occasion, de nombreux enseignants du sp\u00e9cialit\u00e9 des lyc\u00e9es fran\u00e7ais du monde entier seront pr\u00e9sents pour apporter leurs conseils.<\/p><p>Au programme :<\/p><p>\u27a1\ufe0f Description des programmes des diff\u00e9rents enseignements<\/p><p>\u27a1\ufe0f Un moment convivial et de partage autour des enseignements de sp\u00e9cialit\u00e9 et les possibilit\u00e9s qu\u2019ils ouvrent apr\u00e8s le baccalaur\u00e9at<\/p><p>\u27a1\ufe0f L\u2019opportunit\u00e9 pour les lyc\u00e9ens de dialoguer \u00e0 distance et construire leur projet d&rsquo;orientation<\/p><p>\u00c9l\u00e8ves de seconde, premi\u00e8re et parents d\u2019\u00e9l\u00e8ves, connectez- vous <strong>sur le forum AGORA, \u00e0 tout moment, du lundi 26 janvier au dimanche 1<sup>er<\/sup> f\u00e9vrier 2026<\/strong> pour poser vos questions :<\/p><p style=\"text-align: center;\"><strong><span style=\"text-decoration: underline;\"> <span style=\"color: #0000ff; text-decoration: underline;\"><a style=\"color: #0000ff; text-decoration: underline;\" href=\"https:\/\/agora-aefe.us3.list-manage.com\/track\/click?u=bfc5644069476ce9d724c9cd4&amp;id=ed99f8487c&amp;e=c057235d0f\">https:\/\/agora-aefe.fr\/forum\/agora\/questions<\/a>\u00a0<\/span><\/span><\/strong><\/p><p>Partagez votre exp\u00e9rience et guidez les \u00e9l\u00e8ves dans la voie qui leur correspond !<\/p><p>\u00c0 bient\u00f4t sur AGORA !<\/p><p>Marion Giraldou\u00a0: <a href=\"mailto:m.giraldou@gmail.com\">m.giraldou@gmail.com<\/a><\/p><p>(r\u00e9f\u00e9rente Agora Cuba)<\/p><\/div>\n\t\t\t\t<\/div>\n\t\t\t\t<\/div>\n\t\t\t\t\t\t<\/div>\n\t\t\t\t\t<\/div>\n\t\t<\/div>\n\t\t\t\t\t\t\t\t<\/div>\n\t\t\t\t\t<\/div>\n\t\t<\/section>\n\t\t\t\t<section class=\"elementor-section elementor-top-section elementor-element elementor-element-c87c78d elementor-section-boxed elementor-section-height-default elementor-section-height-default\" data-id=\"c87c78d\" data-element_type=\"section\">\n\t\t\t\t\t\t<div class=\"elementor-container elementor-column-gap-default\">\n\t\t\t\t\t\t\t<div class=\"elementor-row\">\n\t\t\t\t\t<div class=\"elementor-column elementor-col-100 elementor-top-column elementor-element elementor-element-9f8d400\" data-id=\"9f8d400\" data-element_type=\"column\">\n\t\t\t<div class=\"elementor-column-wrap elementor-element-populated\">\n\t\t\t\t\t\t\t<div class=\"elementor-widget-wrap\">\n\t\t\t\t\t\t<div class=\"elementor-element elementor-element-678d389 elementor-align-center animated-slow elementor-invisible elementor-widget elementor-widget-button\" data-id=\"678d389\" data-element_type=\"widget\" data-settings=\"{&quot;_animation&quot;:&quot;rollIn&quot;}\" data-widget_type=\"button.default\">\n\t\t\t\t<div class=\"elementor-widget-container\">\n\t\t\t\t\t<div class=\"elementor-button-wrapper\">\n\t\t\t<a href=\"https:\/\/drive.google.com\/file\/d\/1UnNohDqgCzW8iuAAEgCfK9Wr9elSsxLa\/view?usp=drive_web\" target=\"_blank\" class=\"elementor-button-link elementor-button elementor-size-sm\" role=\"button\">\n\t\t\t\t\t\t<span class=\"elementor-button-content-wrapper\">\n\t\t\t\t\t\t<span class=\"elementor-button-text\">Vid\u00e9o de pr\u00e9sentation Agora<\/span>\n\t\t<\/span>\n\t\t\t\t\t<\/a>\n\t\t<\/div>\n\t\t\t\t<\/div>\n\t\t\t\t<\/div>\n\t\t\t\t\t\t<\/div>\n\t\t\t\t\t<\/div>\n\t\t<\/div>\n\t\t\t\t\t\t\t\t<\/div>\n\t\t\t\t\t<\/div>\n\t\t<\/section>\n\t\t\t\t\t\t<\/div>\n\t\t\t\t\t\t<\/div>\n\t\t\t\t\t<\/div>\n\t\t","protected":false},"excerpt":{"rendered":"<p>Defensa y ciudadan\u00eda un encuentro enriquecedor para los alumnos de 3.\u00ba En el marco del cap\u00edtulo 4 del programa de&nbsp;<a href=\"https:\/\/lfih.org\/index.php\/semana-de-las-ensenanzas-especializadas\/\">&hellip;<\/a><\/p>\n","protected":false},"author":2,"featured_media":0,"comment_status":"closed","ping_status":"open","sticky":false,"template":"","format":"standard","meta":[],"categories":[33],"tags":[],"_links":{"self":[{"href":"https:\/\/lfih.org\/index.php\/wp-json\/wp\/v2\/posts\/30867"}],"collection":[{"href":"https:\/\/lfih.org\/index.php\/wp-json\/wp\/v2\/posts"}],"about":[{"href":"https:\/\/lfih.org\/index.php\/wp-json\/wp\/v2\/types\/post"}],"author":[{"embeddable":true,"href":"https:\/\/lfih.org\/index.php\/wp-json\/wp\/v2\/users\/2"}],"replies":[{"embeddable":true,"href":"https:\/\/lfih.org\/index.php\/wp-json\/wp\/v2\/comments?post=30867"}],"version-history":[{"count":4,"href":"https:\/\/lfih.org\/index.php\/wp-json\/wp\/v2\/posts\/30867\/revisions"}],"predecessor-version":[{"id":30871,"href":"https:\/\/lfih.org\/index.php\/wp-json\/wp\/v2\/posts\/30867\/revisions\/30871"}],"wp:attachment":[{"href":"https:\/\/lfih.org\/index.php\/wp-json\/wp\/v2\/media?parent=30867"}],"wp:term":[{"taxonomy":"category","embeddable":true,"href":"https:\/\/lfih.org\/index.php\/wp-json\/wp\/v2\/categories?post=30867"},{"taxonomy":"post_tag","embeddable":true,"href":"https:\/\/lfih.org\/index.php\/wp-json\/wp\/v2\/tags?post=30867"}],"curies":[{"name":"wp","href":"https:\/\/api.w.org\/{rel}","templated":true}]}}