{"id":30292,"date":"2025-12-10T11:44:00","date_gmt":"2025-12-10T16:44:00","guid":{"rendered":"https:\/\/lfih.org\/?p=30292"},"modified":"2025-12-12T11:47:36","modified_gmt":"2025-12-12T16:47:36","slug":"vivre-la-laicite-aujourdhui-au-lfih","status":"publish","type":"post","link":"https:\/\/lfih.org\/index.php\/vivre-la-laicite-aujourdhui-au-lfih\/","title":{"rendered":"VIVRE LA LA\u00cfCIT\u00c9 AUJOURD\u2019HUI AU LFIH"},"content":{"rendered":"\t\t<div data-elementor-type=\"wp-post\" data-elementor-id=\"30292\" class=\"elementor elementor-30292\" data-elementor-settings=\"[]\">\n\t\t\t\t\t\t<div class=\"elementor-inner\">\n\t\t\t\t\t\t\t<div class=\"elementor-section-wrap\">\n\t\t\t\t\t\t\t<section class=\"elementor-section elementor-top-section elementor-element elementor-element-f528f74 elementor-section-boxed elementor-section-height-default elementor-section-height-default\" data-id=\"f528f74\" data-element_type=\"section\">\n\t\t\t\t\t\t<div class=\"elementor-container elementor-column-gap-default\">\n\t\t\t\t\t\t\t<div class=\"elementor-row\">\n\t\t\t\t\t<div class=\"elementor-column elementor-col-100 elementor-top-column elementor-element elementor-element-b8618a2\" data-id=\"b8618a2\" data-element_type=\"column\">\n\t\t\t<div class=\"elementor-column-wrap elementor-element-populated\">\n\t\t\t\t\t\t\t<div class=\"elementor-widget-wrap\">\n\t\t\t\t\t\t<div class=\"elementor-element elementor-element-a3e8fbe animated-slow elementor-invisible elementor-widget elementor-widget-heading\" data-id=\"a3e8fbe\" data-element_type=\"widget\" data-settings=\"{&quot;_animation&quot;:&quot;zoomIn&quot;}\" data-widget_type=\"heading.default\">\n\t\t\t\t<div class=\"elementor-widget-container\">\n\t\t\t<h2 class=\"elementor-heading-title elementor-size-default\">VIVRE LA LA\u00cfCIT\u00c9 AUJOURD\u2019HUI AU LFIH<\/h2>\t\t<\/div>\n\t\t\t\t<\/div>\n\t\t\t\t\t\t<\/div>\n\t\t\t\t\t<\/div>\n\t\t<\/div>\n\t\t\t\t\t\t\t\t<\/div>\n\t\t\t\t\t<\/div>\n\t\t<\/section>\n\t\t\t\t<section class=\"elementor-section elementor-top-section elementor-element elementor-element-9553564 elementor-section-boxed elementor-section-height-default elementor-section-height-default\" data-id=\"9553564\" data-element_type=\"section\">\n\t\t\t\t\t\t<div class=\"elementor-container elementor-column-gap-default\">\n\t\t\t\t\t\t\t<div class=\"elementor-row\">\n\t\t\t\t\t<div class=\"elementor-column elementor-col-100 elementor-top-column elementor-element elementor-element-9d80f63\" data-id=\"9d80f63\" data-element_type=\"column\">\n\t\t\t<div class=\"elementor-column-wrap elementor-element-populated\">\n\t\t\t\t\t\t\t<div class=\"elementor-widget-wrap\">\n\t\t\t\t\t\t<div class=\"elementor-element elementor-element-2815479 elementor-invisible elementor-widget elementor-widget-image\" data-id=\"2815479\" data-element_type=\"widget\" data-settings=\"{&quot;_animation&quot;:&quot;slideInDown&quot;}\" data-widget_type=\"image.default\">\n\t\t\t\t<div class=\"elementor-widget-container\">\n\t\t\t\t\t<div class=\"elementor-image\">\n\t\t\t\t\t\t\t\t\t\t\t<a href=\"https:\/\/lfih.org\/wp-content\/uploads\/2025\/12\/Laicite.png\" data-elementor-open-lightbox=\"yes\" data-elementor-lightbox-title=\"Laicit\u00e9\">\n\t\t\t\t\t\t\t<img width=\"881\" height=\"396\" src=\"https:\/\/lfih.org\/wp-content\/uploads\/2025\/12\/Laicite-881x396.png\" class=\"attachment-large size-large\" alt=\"\" loading=\"lazy\" srcset=\"https:\/\/lfih.org\/wp-content\/uploads\/2025\/12\/Laicite.png 881w, https:\/\/lfih.org\/wp-content\/uploads\/2025\/12\/Laicite-300x135.png 300w, https:\/\/lfih.org\/wp-content\/uploads\/2025\/12\/Laicite-100x45.png 100w, https:\/\/lfih.org\/wp-content\/uploads\/2025\/12\/Laicite-150x67.png 150w\" sizes=\"(max-width: 881px) 100vw, 881px\" \/>\t\t\t\t\t\t\t\t<\/a>\n\t\t\t\t\t\t\t\t\t\t\t<\/div>\n\t\t\t\t<\/div>\n\t\t\t\t<\/div>\n\t\t\t\t\t\t<\/div>\n\t\t\t\t\t<\/div>\n\t\t<\/div>\n\t\t\t\t\t\t\t\t<\/div>\n\t\t\t\t\t<\/div>\n\t\t<\/section>\n\t\t\t\t<section class=\"elementor-section elementor-top-section elementor-element elementor-element-e465943 elementor-section-boxed elementor-section-height-default elementor-section-height-default\" data-id=\"e465943\" data-element_type=\"section\">\n\t\t\t\t\t\t<div class=\"elementor-container elementor-column-gap-default\">\n\t\t\t\t\t\t\t<div class=\"elementor-row\">\n\t\t\t\t\t<div class=\"elementor-column elementor-col-100 elementor-top-column elementor-element elementor-element-a648fc3\" data-id=\"a648fc3\" data-element_type=\"column\">\n\t\t\t<div class=\"elementor-column-wrap elementor-element-populated\">\n\t\t\t\t\t\t\t<div class=\"elementor-widget-wrap\">\n\t\t\t\t\t\t<div class=\"elementor-element elementor-element-de5e921 elementor-invisible elementor-widget elementor-widget-text-editor\" data-id=\"de5e921\" data-element_type=\"widget\" data-settings=\"{&quot;_animation&quot;:&quot;slideInUp&quot;}\" data-widget_type=\"text-editor.default\">\n\t\t\t\t<div class=\"elementor-widget-container\">\n\t\t\t\t\t<div class=\"elementor-text-editor elementor-clearfix\"><p><span style=\"font-size: 14.0pt; font-family: 'Arial',sans-serif;\">Ce mardi 9 d\u00e9cembre 2025, les \u00e9l\u00e8ves de troisi\u00e8me ont particip\u00e9, sous la conduite de leur professeur de fran\u00e7ais, M. Durand, \u00e0 une rencontre organis\u00e9e \u00e0 l\u2019occasion du 120\u1d49 anniversaire de la loi de 1905 portant s\u00e9paration de l\u2019\u00c9glise et de l\u2019\u00c9tat.<br \/>Apr\u00e8s un rappel de l\u2019histoire et des fondements de la R\u00e9publique la\u00efque, les \u00e9l\u00e8ves ont \u00e9chang\u00e9 leurs points de vue sur l\u2019\u00e9volution du principe de la\u00efcit\u00e9 au XXI\u1d49 si\u00e8cle.<br \/>Ils ont ensuite inscrit sur papier les mots qui, selon eux, repr\u00e9sentent le mieux ce principe, avant d\u2019immortaliser ce moment devant la plaque de notre \u00e9tablissement.<\/span><\/p><\/div>\n\t\t\t\t<\/div>\n\t\t\t\t<\/div>\n\t\t\t\t\t\t<\/div>\n\t\t\t\t\t<\/div>\n\t\t<\/div>\n\t\t\t\t\t\t\t\t<\/div>\n\t\t\t\t\t<\/div>\n\t\t<\/section>\n\t\t\t\t\t\t<\/div>\n\t\t\t\t\t\t<\/div>\n\t\t\t\t\t<\/div>\n\t\t","protected":false},"excerpt":{"rendered":"<p>VIVRE LA LA\u00cfCIT\u00c9 AUJOURD\u2019HUI AU LFIH Ce mardi 9 d\u00e9cembre 2025, les \u00e9l\u00e8ves de troisi\u00e8me ont particip\u00e9, sous la conduite&nbsp;<a href=\"https:\/\/lfih.org\/index.php\/vivre-la-laicite-aujourdhui-au-lfih\/\">&hellip;<\/a><\/p>\n","protected":false},"author":2,"featured_media":0,"comment_status":"closed","ping_status":"open","sticky":false,"template":"","format":"standard","meta":[],"categories":[61],"tags":[],"_links":{"self":[{"href":"https:\/\/lfih.org\/index.php\/wp-json\/wp\/v2\/posts\/30292"}],"collection":[{"href":"https:\/\/lfih.org\/index.php\/wp-json\/wp\/v2\/posts"}],"about":[{"href":"https:\/\/lfih.org\/index.php\/wp-json\/wp\/v2\/types\/post"}],"author":[{"embeddable":true,"href":"https:\/\/lfih.org\/index.php\/wp-json\/wp\/v2\/users\/2"}],"replies":[{"embeddable":true,"href":"https:\/\/lfih.org\/index.php\/wp-json\/wp\/v2\/comments?post=30292"}],"version-history":[{"count":10,"href":"https:\/\/lfih.org\/index.php\/wp-json\/wp\/v2\/posts\/30292\/revisions"}],"predecessor-version":[{"id":30302,"href":"https:\/\/lfih.org\/index.php\/wp-json\/wp\/v2\/posts\/30292\/revisions\/30302"}],"wp:attachment":[{"href":"https:\/\/lfih.org\/index.php\/wp-json\/wp\/v2\/media?parent=30292"}],"wp:term":[{"taxonomy":"category","embeddable":true,"href":"https:\/\/lfih.org\/index.php\/wp-json\/wp\/v2\/categories?post=30292"},{"taxonomy":"post_tag","embeddable":true,"href":"https:\/\/lfih.org\/index.php\/wp-json\/wp\/v2\/tags?post=30292"}],"curies":[{"name":"wp","href":"https:\/\/api.w.org\/{rel}","templated":true}]}}