{"id":30093,"date":"2025-12-11T09:25:03","date_gmt":"2025-12-11T14:25:03","guid":{"rendered":"https:\/\/lfih.org\/?p=30093"},"modified":"2025-12-11T09:27:38","modified_gmt":"2025-12-11T14:27:38","slug":"fete-de-fin-dannee-au-lfih","status":"publish","type":"post","link":"https:\/\/lfih.org\/index.php\/fete-de-fin-dannee-au-lfih\/","title":{"rendered":"F\u00eate de fin d&rsquo;ann\u00e9e au LFIH"},"content":{"rendered":"\t\t<div data-elementor-type=\"wp-post\" data-elementor-id=\"30093\" class=\"elementor elementor-30093\" data-elementor-settings=\"[]\">\n\t\t\t\t\t\t<div class=\"elementor-inner\">\n\t\t\t\t\t\t\t<div class=\"elementor-section-wrap\">\n\t\t\t\t\t\t\t<section class=\"elementor-section elementor-top-section elementor-element elementor-element-c3a8db9 elementor-section-boxed elementor-section-height-default elementor-section-height-default\" data-id=\"c3a8db9\" data-element_type=\"section\">\n\t\t\t\t\t\t<div class=\"elementor-container elementor-column-gap-default\">\n\t\t\t\t\t\t\t<div class=\"elementor-row\">\n\t\t\t\t\t<div class=\"elementor-column elementor-col-50 elementor-top-column elementor-element elementor-element-39e3246\" data-id=\"39e3246\" data-element_type=\"column\">\n\t\t\t<div class=\"elementor-column-wrap elementor-element-populated\">\n\t\t\t\t\t\t\t<div class=\"elementor-widget-wrap\">\n\t\t\t\t\t\t<div class=\"elementor-element elementor-element-34f1244 elementor-widget elementor-widget-image\" data-id=\"34f1244\" data-element_type=\"widget\" data-widget_type=\"image.default\">\n\t\t\t\t<div class=\"elementor-widget-container\">\n\t\t\t\t\t<div class=\"elementor-image\">\n\t\t\t\t\t\t\t\t\t\t\t<a href=\"https:\/\/lfih.org\/wp-content\/uploads\/2025\/12\/WhatsApp-Image-2025-12-10-at-14.29.34.jpeg\" data-elementor-open-lightbox=\"yes\" data-elementor-lightbox-title=\"WhatsApp Image 2025-12-10 at 14.29.34\">\n\t\t\t\t\t\t\t<img width=\"724\" height=\"1024\" src=\"https:\/\/lfih.org\/wp-content\/uploads\/2025\/12\/WhatsApp-Image-2025-12-10-at-14.29.34-724x1024.jpeg\" class=\"attachment-large size-large\" alt=\"\" loading=\"lazy\" srcset=\"https:\/\/lfih.org\/wp-content\/uploads\/2025\/12\/WhatsApp-Image-2025-12-10-at-14.29.34-724x1024.jpeg 724w, https:\/\/lfih.org\/wp-content\/uploads\/2025\/12\/WhatsApp-Image-2025-12-10-at-14.29.34-212x300.jpeg 212w, https:\/\/lfih.org\/wp-content\/uploads\/2025\/12\/WhatsApp-Image-2025-12-10-at-14.29.34-71x100.jpeg 71w, https:\/\/lfih.org\/wp-content\/uploads\/2025\/12\/WhatsApp-Image-2025-12-10-at-14.29.34.jpeg 764w, https:\/\/lfih.org\/wp-content\/uploads\/2025\/12\/WhatsApp-Image-2025-12-10-at-14.29.34-106x150.jpeg 106w\" sizes=\"(max-width: 724px) 100vw, 724px\" \/>\t\t\t\t\t\t\t\t<\/a>\n\t\t\t\t\t\t\t\t\t\t\t<\/div>\n\t\t\t\t<\/div>\n\t\t\t\t<\/div>\n\t\t\t\t\t\t<\/div>\n\t\t\t\t\t<\/div>\n\t\t<\/div>\n\t\t\t\t<div class=\"elementor-column elementor-col-50 elementor-top-column elementor-element elementor-element-2e419fd\" data-id=\"2e419fd\" data-element_type=\"column\">\n\t\t\t<div class=\"elementor-column-wrap elementor-element-populated\">\n\t\t\t\t\t\t\t<div class=\"elementor-widget-wrap\">\n\t\t\t\t\t\t<div class=\"elementor-element elementor-element-6bc11ee elementor-widget elementor-widget-image\" data-id=\"6bc11ee\" data-element_type=\"widget\" data-widget_type=\"image.default\">\n\t\t\t\t<div class=\"elementor-widget-container\">\n\t\t\t\t\t<div class=\"elementor-image\">\n\t\t\t\t\t\t\t\t\t\t\t<a href=\"https:\/\/lfih.org\/wp-content\/uploads\/2025\/12\/WhatsApp-Image-2025-12-10-at-14.29.33.jpeg\" data-elementor-open-lightbox=\"yes\" data-elementor-lightbox-title=\"WhatsApp Image 2025-12-10 at 14.29.33\">\n\t\t\t\t\t\t\t<img width=\"724\" height=\"1024\" src=\"https:\/\/lfih.org\/wp-content\/uploads\/2025\/12\/WhatsApp-Image-2025-12-10-at-14.29.33-724x1024.jpeg\" class=\"attachment-large size-large\" alt=\"\" loading=\"lazy\" srcset=\"https:\/\/lfih.org\/wp-content\/uploads\/2025\/12\/WhatsApp-Image-2025-12-10-at-14.29.33-724x1024.jpeg 724w, https:\/\/lfih.org\/wp-content\/uploads\/2025\/12\/WhatsApp-Image-2025-12-10-at-14.29.33-212x300.jpeg 212w, https:\/\/lfih.org\/wp-content\/uploads\/2025\/12\/WhatsApp-Image-2025-12-10-at-14.29.33-71x100.jpeg 71w, https:\/\/lfih.org\/wp-content\/uploads\/2025\/12\/WhatsApp-Image-2025-12-10-at-14.29.33.jpeg 764w, https:\/\/lfih.org\/wp-content\/uploads\/2025\/12\/WhatsApp-Image-2025-12-10-at-14.29.33-106x150.jpeg 106w\" sizes=\"(max-width: 724px) 100vw, 724px\" \/>\t\t\t\t\t\t\t\t<\/a>\n\t\t\t\t\t\t\t\t\t\t\t<\/div>\n\t\t\t\t<\/div>\n\t\t\t\t<\/div>\n\t\t\t\t\t\t<\/div>\n\t\t\t\t\t<\/div>\n\t\t<\/div>\n\t\t\t\t\t\t\t\t<\/div>\n\t\t\t\t\t<\/div>\n\t\t<\/section>\n\t\t\t\t<section class=\"elementor-section elementor-top-section elementor-element elementor-element-c9e95ee elementor-section-boxed elementor-section-height-default elementor-section-height-default\" data-id=\"c9e95ee\" data-element_type=\"section\">\n\t\t\t\t\t\t<div class=\"elementor-container elementor-column-gap-default\">\n\t\t\t\t\t\t\t<div class=\"elementor-row\">\n\t\t\t\t\t<div class=\"elementor-column elementor-col-100 elementor-top-column elementor-element elementor-element-9259585\" data-id=\"9259585\" data-element_type=\"column\">\n\t\t\t<div class=\"elementor-column-wrap elementor-element-populated\">\n\t\t\t\t\t\t\t<div class=\"elementor-widget-wrap\">\n\t\t\t\t\t\t<div class=\"elementor-element elementor-element-5caa847 animated-slow elementor-invisible elementor-widget elementor-widget-text-editor\" data-id=\"5caa847\" data-element_type=\"widget\" data-settings=\"{&quot;_animation&quot;:&quot;zoomIn&quot;}\" data-widget_type=\"text-editor.default\">\n\t\t\t\t<div class=\"elementor-widget-container\">\n\t\t\t\t\t<div class=\"elementor-text-editor elementor-clearfix\"><p>Ch\u00e8res familles et chers amis du LFIH,<\/p>\n<p>&nbsp;Nous avons le plaisir de vous inviter \u00e0 notre f\u00eate de fin d&rsquo;ann\u00e9e, qui aura lieu le jeudi 18 d\u00e9cembre \u00e0 partir de 15h30 dans les locaux de l&rsquo;\u00e9cole primaire :<\/p>\n<p style=\"text-align: center;\">Calle 15 #18004, entre 180 et 182, Siboney.<\/p>\n<p>Cette journ\u00e9e sp\u00e9ciale se divisera en deux parties :<\/p>\n<p>La f\u00eate de No\u00ebl de l&rsquo;\u00e9cole primaire, destin\u00e9e sp\u00e9cialement aux familles de ce niveau.<\/p>\n<p>La f\u00eate de fin d&rsquo;ann\u00e9e du secondaire, \u00e0 laquelle nous \u00e9tendons cette invitation ouverte \u00e0 toute la communaut\u00e9 sur inscription pr\u00e9alable :<\/p>\n<p style=\"text-align: center;\"><a href=\"https:\/\/forms.gle\/GKaPRPUVfRZmF47Z8\"><span style=\"color: #0000ff;\">https:\/\/forms.gle\/GKaPRPUVfRZmF47Z8<\/span><\/a><\/p><p>Au cours de cette deuxi\u00e8me partie, vous pourrez profiter d&rsquo;une ambiance festive et \u00e9co-responsable, avec notamment :<\/p>\n<p>* Le march\u00e9 cr\u00e9atif \u00ab Notre recyclage devient cr\u00e9ation \u00bb, r\u00e9alis\u00e9 en collaboration avec La Mina, notre partenaire dans le domaine des projets artistiques, du recyclage et du d\u00e9veloppement durable.<\/p>\n<ul>\n<li>La pr\u00e9sentation des nouveaux produits d\u00e9riv\u00e9s du LFIH, dont les b\u00e9n\u00e9fices seront revers\u00e9s \u00e0 l&rsquo;Association sportive.<\/li>\n<li>Diverses animations pr\u00e9par\u00e9es par les \u00e9l\u00e8ves du secondaire.<\/li>\n<\/ul>\n<p>Nous serions honor\u00e9s de vous compter parmi nous pour partager ensemble cette fin d&rsquo;ann\u00e9e si sp\u00e9ciale pour la communaut\u00e9 du LFIH.<\/p><\/div>\n\t\t\t\t<\/div>\n\t\t\t\t<\/div>\n\t\t\t\t\t\t<\/div>\n\t\t\t\t\t<\/div>\n\t\t<\/div>\n\t\t\t\t\t\t\t\t<\/div>\n\t\t\t\t\t<\/div>\n\t\t<\/section>\n\t\t\t\t\t\t<\/div>\n\t\t\t\t\t\t<\/div>\n\t\t\t\t\t<\/div>\n\t\t","protected":false},"excerpt":{"rendered":"<p>Ch\u00e8res familles et chers amis du LFIH, &nbsp;Nous avons le plaisir de vous inviter \u00e0 notre f\u00eate de fin d&rsquo;ann\u00e9e,&nbsp;<a href=\"https:\/\/lfih.org\/index.php\/fete-de-fin-dannee-au-lfih\/\">&hellip;<\/a><\/p>\n","protected":false},"author":2,"featured_media":0,"comment_status":"closed","ping_status":"open","sticky":false,"template":"","format":"standard","meta":[],"categories":[61],"tags":[],"_links":{"self":[{"href":"https:\/\/lfih.org\/index.php\/wp-json\/wp\/v2\/posts\/30093"}],"collection":[{"href":"https:\/\/lfih.org\/index.php\/wp-json\/wp\/v2\/posts"}],"about":[{"href":"https:\/\/lfih.org\/index.php\/wp-json\/wp\/v2\/types\/post"}],"author":[{"embeddable":true,"href":"https:\/\/lfih.org\/index.php\/wp-json\/wp\/v2\/users\/2"}],"replies":[{"embeddable":true,"href":"https:\/\/lfih.org\/index.php\/wp-json\/wp\/v2\/comments?post=30093"}],"version-history":[{"count":7,"href":"https:\/\/lfih.org\/index.php\/wp-json\/wp\/v2\/posts\/30093\/revisions"}],"predecessor-version":[{"id":30100,"href":"https:\/\/lfih.org\/index.php\/wp-json\/wp\/v2\/posts\/30093\/revisions\/30100"}],"wp:attachment":[{"href":"https:\/\/lfih.org\/index.php\/wp-json\/wp\/v2\/media?parent=30093"}],"wp:term":[{"taxonomy":"category","embeddable":true,"href":"https:\/\/lfih.org\/index.php\/wp-json\/wp\/v2\/categories?post=30093"},{"taxonomy":"post_tag","embeddable":true,"href":"https:\/\/lfih.org\/index.php\/wp-json\/wp\/v2\/tags?post=30093"}],"curies":[{"name":"wp","href":"https:\/\/api.w.org\/{rel}","templated":true}]}}