{"id":27016,"date":"2025-05-09T09:55:00","date_gmt":"2025-05-09T13:55:00","guid":{"rendered":"httpss:\/\/lfih.org\/?p=27016"},"modified":"2025-05-16T09:57:59","modified_gmt":"2025-05-16T13:57:59","slug":"les-voix-du-lfih-ou-pourquoi-choisir-le-lycee-francais-pour-votre-enfant","status":"publish","type":"post","link":"https:\/\/lfih.org\/index.php\/les-voix-du-lfih-ou-pourquoi-choisir-le-lycee-francais-pour-votre-enfant\/","title":{"rendered":"Les voix du LFIH ou pourquoi choisir le Lyc\u00e9e Fran\u00e7ais pour votre enfant"},"content":{"rendered":"\t\t<div data-elementor-type=\"wp-post\" data-elementor-id=\"27016\" class=\"elementor elementor-27016\" data-elementor-settings=\"[]\">\n\t\t\t\t\t\t<div class=\"elementor-inner\">\n\t\t\t\t\t\t\t<div class=\"elementor-section-wrap\">\n\t\t\t\t\t\t\t<section class=\"elementor-section elementor-top-section elementor-element elementor-element-314d233 elementor-section-boxed elementor-section-height-default elementor-section-height-default\" data-id=\"314d233\" data-element_type=\"section\">\n\t\t\t\t\t\t<div class=\"elementor-container elementor-column-gap-default\">\n\t\t\t\t\t\t\t<div class=\"elementor-row\">\n\t\t\t\t\t<div class=\"elementor-column elementor-col-100 elementor-top-column elementor-element elementor-element-b811e6a\" data-id=\"b811e6a\" data-element_type=\"column\">\n\t\t\t<div class=\"elementor-column-wrap elementor-element-populated\">\n\t\t\t\t\t\t\t<div class=\"elementor-widget-wrap\">\n\t\t\t\t\t\t<div class=\"elementor-element elementor-element-6ab31fd elementor-widget elementor-widget-text-editor\" data-id=\"6ab31fd\" data-element_type=\"widget\" data-widget_type=\"text-editor.default\">\n\t\t\t\t<div class=\"elementor-widget-container\">\n\t\t\t\t\t<div class=\"elementor-text-editor elementor-clearfix\"><p>Qu\u2019est-ce qui pousse une famille anglophone \u00e0 choisir une \u00e9cole fran\u00e7aise \u00e0 Cuba ? Dans ce nouvel \u00e9pisode de <a href=\"https:\/\/www.instagram.com\/explore\/tags\/lesvoixdulfih\/\">#LesVoixDuLFIH<\/a>, nous partageons les t\u00e9moignages spontan\u00e9s de Rita, maman de Tessa, et Tatiana, maman de Dalia et Dayramir, recueillis lors de nos r\u00e9centes Portes Ouvertes.<br \/>Des parcours diff\u00e9rents, un m\u00eame r\u00eave : offrir \u00e0 leurs enfants une \u00e9ducation trilingue, exigeante, humaniste et ouverte sur le monde.<br \/>Leur choix ? Faire confiance au syst\u00e8me fran\u00e7ais et \u00e0 notre \u00e9cole pour construire un avenir riche en opportunit\u00e9s.<br \/>Merci \u00e0 elles pour leur voix, leur confiance, et pour nous rappeler que le LFIH est bien plus qu\u2019une \u00e9cole : c\u2019est une communaut\u00e9 internationale qui transforme des vies.<br \/><br \/><\/p><\/div>\n\t\t\t\t<\/div>\n\t\t\t\t<\/div>\n\t\t\t\t\t\t<\/div>\n\t\t\t\t\t<\/div>\n\t\t<\/div>\n\t\t\t\t\t\t\t\t<\/div>\n\t\t\t\t\t<\/div>\n\t\t<\/section>\n\t\t\t\t<section class=\"elementor-section elementor-top-section elementor-element elementor-element-e181909 elementor-section-boxed elementor-section-height-default elementor-section-height-default\" data-id=\"e181909\" data-element_type=\"section\">\n\t\t\t\t\t\t<div class=\"elementor-container elementor-column-gap-default\">\n\t\t\t\t\t\t\t<div class=\"elementor-row\">\n\t\t\t\t\t<div class=\"elementor-column elementor-col-100 elementor-top-column elementor-element elementor-element-4fc9f67\" data-id=\"4fc9f67\" data-element_type=\"column\">\n\t\t\t<div class=\"elementor-column-wrap elementor-element-populated\">\n\t\t\t\t\t\t\t<div class=\"elementor-widget-wrap\">\n\t\t\t\t\t\t<div class=\"elementor-element elementor-element-c052d79 elementor-align-center animated-slow elementor-invisible elementor-widget elementor-widget-button\" data-id=\"c052d79\" data-element_type=\"widget\" data-settings=\"{&quot;_animation&quot;:&quot;fadeIn&quot;}\" data-widget_type=\"button.default\">\n\t\t\t\t<div class=\"elementor-widget-container\">\n\t\t\t\t\t<div class=\"elementor-button-wrapper\">\n\t\t\t<a href=\"\" target=\"_blank\" class=\"elementor-button-link elementor-button elementor-size-sm\" role=\"button\">\n\t\t\t\t\t\t<span class=\"elementor-button-content-wrapper\">\n\t\t\t\t\t\t<span class=\"elementor-button-text\">Cliquez ici pour voir la vid\u00e9o sur instagram<\/span>\n\t\t<\/span>\n\t\t\t\t\t<\/a>\n\t\t<\/div>\n\t\t\t\t<\/div>\n\t\t\t\t<\/div>\n\t\t\t\t\t\t<\/div>\n\t\t\t\t\t<\/div>\n\t\t<\/div>\n\t\t\t\t\t\t\t\t<\/div>\n\t\t\t\t\t<\/div>\n\t\t<\/section>\n\t\t\t\t\t\t<\/div>\n\t\t\t\t\t\t<\/div>\n\t\t\t\t\t<\/div>\n\t\t","protected":false},"excerpt":{"rendered":"<p>Qu\u2019est-ce qui pousse une famille anglophone \u00e0 choisir une \u00e9cole fran\u00e7aise \u00e0 Cuba ? Dans ce nouvel \u00e9pisode de #LesVoixDuLFIH,&nbsp;<a href=\"https:\/\/lfih.org\/index.php\/les-voix-du-lfih-ou-pourquoi-choisir-le-lycee-francais-pour-votre-enfant\/\">&hellip;<\/a><\/p>\n","protected":false},"author":2,"featured_media":0,"comment_status":"closed","ping_status":"open","sticky":false,"template":"","format":"standard","meta":[],"categories":[61],"tags":[],"_links":{"self":[{"href":"https:\/\/lfih.org\/index.php\/wp-json\/wp\/v2\/posts\/27016"}],"collection":[{"href":"https:\/\/lfih.org\/index.php\/wp-json\/wp\/v2\/posts"}],"about":[{"href":"https:\/\/lfih.org\/index.php\/wp-json\/wp\/v2\/types\/post"}],"author":[{"embeddable":true,"href":"https:\/\/lfih.org\/index.php\/wp-json\/wp\/v2\/users\/2"}],"replies":[{"embeddable":true,"href":"https:\/\/lfih.org\/index.php\/wp-json\/wp\/v2\/comments?post=27016"}],"version-history":[{"count":7,"href":"https:\/\/lfih.org\/index.php\/wp-json\/wp\/v2\/posts\/27016\/revisions"}],"predecessor-version":[{"id":27023,"href":"https:\/\/lfih.org\/index.php\/wp-json\/wp\/v2\/posts\/27016\/revisions\/27023"}],"wp:attachment":[{"href":"https:\/\/lfih.org\/index.php\/wp-json\/wp\/v2\/media?parent=27016"}],"wp:term":[{"taxonomy":"category","embeddable":true,"href":"https:\/\/lfih.org\/index.php\/wp-json\/wp\/v2\/categories?post=27016"},{"taxonomy":"post_tag","embeddable":true,"href":"https:\/\/lfih.org\/index.php\/wp-json\/wp\/v2\/tags?post=27016"}],"curies":[{"name":"wp","href":"https:\/\/api.w.org\/{rel}","templated":true}]}}