{"id":23527,"date":"2024-12-16T11:57:00","date_gmt":"2024-12-16T16:57:00","guid":{"rendered":"httpss:\/\/lfih.org\/?p=23527"},"modified":"2025-01-23T12:00:26","modified_gmt":"2025-01-23T17:00:26","slug":"integration-day-for-eco-delegates-at-havana-botanical-garden","status":"publish","type":"post","link":"https:\/\/lfih.org\/index.php\/integration-day-for-eco-delegates-at-havana-botanical-garden\/","title":{"rendered":"Integration day for eco-delegates at Havana Botanical Garden"},"content":{"rendered":"\t\t<div data-elementor-type=\"wp-post\" data-elementor-id=\"23527\" class=\"elementor elementor-23527\" data-elementor-settings=\"[]\">\n\t\t\t\t\t\t<div class=\"elementor-inner\">\n\t\t\t\t\t\t\t<div class=\"elementor-section-wrap\">\n\t\t\t\t\t\t\t<section class=\"elementor-section elementor-top-section elementor-element elementor-element-98aa4a4 elementor-section-boxed elementor-section-height-default elementor-section-height-default\" data-id=\"98aa4a4\" data-element_type=\"section\">\n\t\t\t\t\t\t<div class=\"elementor-container elementor-column-gap-default\">\n\t\t\t\t\t\t\t<div class=\"elementor-row\">\n\t\t\t\t\t<div class=\"elementor-column elementor-col-100 elementor-top-column elementor-element elementor-element-150cfd7\" data-id=\"150cfd7\" data-element_type=\"column\">\n\t\t\t<div class=\"elementor-column-wrap elementor-element-populated\">\n\t\t\t\t\t\t\t<div class=\"elementor-widget-wrap\">\n\t\t\t\t\t\t<div class=\"elementor-element elementor-element-9de7701 elementor-widget elementor-widget-image\" data-id=\"9de7701\" data-element_type=\"widget\" data-widget_type=\"image.default\">\n\t\t\t\t<div class=\"elementor-widget-container\">\n\t\t\t\t\t<div class=\"elementor-image\">\n\t\t\t\t\t\t\t\t\t\t\t<a href=\"https:\/\/lfih.org\/wp-content\/uploads\/2024\/12\/Journee-Eco-Delegue-jardin-botanique-2.jpg\" data-elementor-open-lightbox=\"yes\" data-elementor-lightbox-title=\"Journ\u00e9e Eco-D\u00e9l\u00e9gu\u00e9 jardin botanique (2)\">\n\t\t\t\t\t\t\t<img width=\"1024\" height=\"473\" src=\"https:\/\/lfih.org\/wp-content\/uploads\/2024\/12\/Journee-Eco-Delegue-jardin-botanique-2-1024x473.jpg\" class=\"attachment-large size-large\" alt=\"\" loading=\"lazy\" srcset=\"https:\/\/lfih.org\/wp-content\/uploads\/2024\/12\/Journee-Eco-Delegue-jardin-botanique-2-1024x473.jpg 1024w, https:\/\/lfih.org\/wp-content\/uploads\/2024\/12\/Journee-Eco-Delegue-jardin-botanique-2-300x139.jpg 300w, https:\/\/lfih.org\/wp-content\/uploads\/2024\/12\/Journee-Eco-Delegue-jardin-botanique-2-100x46.jpg 100w, https:\/\/lfih.org\/wp-content\/uploads\/2024\/12\/Journee-Eco-Delegue-jardin-botanique-2.jpg 1357w, https:\/\/lfih.org\/wp-content\/uploads\/2024\/12\/Journee-Eco-Delegue-jardin-botanique-2-150x69.jpg 150w\" sizes=\"(max-width: 1024px) 100vw, 1024px\" \/>\t\t\t\t\t\t\t\t<\/a>\n\t\t\t\t\t\t\t\t\t\t\t<\/div>\n\t\t\t\t<\/div>\n\t\t\t\t<\/div>\n\t\t\t\t\t\t<\/div>\n\t\t\t\t\t<\/div>\n\t\t<\/div>\n\t\t\t\t\t\t\t\t<\/div>\n\t\t\t\t\t<\/div>\n\t\t<\/section>\n\t\t\t\t<section class=\"elementor-section elementor-top-section elementor-element elementor-element-6b8e141 elementor-section-boxed elementor-section-height-default elementor-section-height-default\" data-id=\"6b8e141\" data-element_type=\"section\">\n\t\t\t\t\t\t<div class=\"elementor-container elementor-column-gap-default\">\n\t\t\t\t\t\t\t<div class=\"elementor-row\">\n\t\t\t\t\t<div class=\"elementor-column elementor-col-100 elementor-top-column elementor-element elementor-element-2b1457c\" data-id=\"2b1457c\" data-element_type=\"column\">\n\t\t\t<div class=\"elementor-column-wrap elementor-element-populated\">\n\t\t\t\t\t\t\t<div class=\"elementor-widget-wrap\">\n\t\t\t\t\t\t<div class=\"elementor-element elementor-element-c85770e elementor-widget elementor-widget-text-editor\" data-id=\"c85770e\" data-element_type=\"widget\" data-widget_type=\"text-editor.default\">\n\t\t\t\t<div class=\"elementor-widget-container\">\n\t\t\t\t\t<div class=\"elementor-text-editor elementor-clearfix\"><p>Integration day for eco-delegates at Havana Botanical Garden<\/p><p>Despite the rain, the primary and secondary eco-delegates got together to discuss, debate and explore the park. Between moments of collaborative work and free time, they defined 4 key projects for the year:<\/p><p>1\ufe0f Creation of a fresco using recycled corks<\/p><p>2\ufe0f Setting up a school vegetable garden<\/p><p>3\ufe0f Celebration of Human Solidarity Day<\/p><p>4\ufe0f Mobile phone-free day challenges<\/p><p>The Young Reporters also took part in the day, capturing the best moments to enrich the school&rsquo;s communication.<\/p><p>Awarded the EFE3D level 2 label, LFIH would like to thank its eco-delegates for their commitment and creativity.<\/p><\/div>\n\t\t\t\t<\/div>\n\t\t\t\t<\/div>\n\t\t\t\t\t\t<\/div>\n\t\t\t\t\t<\/div>\n\t\t<\/div>\n\t\t\t\t\t\t\t\t<\/div>\n\t\t\t\t\t<\/div>\n\t\t<\/section>\n\t\t\t\t<section class=\"elementor-section elementor-top-section elementor-element elementor-element-898a2cd elementor-section-boxed elementor-section-height-default elementor-section-height-default\" data-id=\"898a2cd\" data-element_type=\"section\">\n\t\t\t\t\t\t<div class=\"elementor-container elementor-column-gap-default\">\n\t\t\t\t\t\t\t<div class=\"elementor-row\">\n\t\t\t\t\t<div class=\"elementor-column elementor-col-16 elementor-top-column elementor-element elementor-element-b1402e5\" data-id=\"b1402e5\" data-element_type=\"column\">\n\t\t\t<div class=\"elementor-column-wrap elementor-element-populated\">\n\t\t\t\t\t\t\t<div class=\"elementor-widget-wrap\">\n\t\t\t\t\t\t<div class=\"elementor-element elementor-element-fd89d54 elementor-widget elementor-widget-image\" data-id=\"fd89d54\" data-element_type=\"widget\" data-widget_type=\"image.default\">\n\t\t\t\t<div class=\"elementor-widget-container\">\n\t\t\t\t\t<div class=\"elementor-image\">\n\t\t\t\t\t\t\t\t\t\t\t<a href=\"https:\/\/lfih.org\/wp-content\/uploads\/2025\/01\/Journee-Eco-Delegue-jardin-botanique-107.jpeg\" data-elementor-open-lightbox=\"yes\" data-elementor-lightbox-title=\"Journ\u00e9e Eco-D\u00e9l\u00e9gu\u00e9 jardin botanique (107)\">\n\t\t\t\t\t\t\t<img width=\"473\" height=\"1024\" src=\"https:\/\/lfih.org\/wp-content\/uploads\/2025\/01\/Journee-Eco-Delegue-jardin-botanique-107-473x1024.jpeg\" class=\"attachment-large size-large\" alt=\"\" loading=\"lazy\" srcset=\"https:\/\/lfih.org\/wp-content\/uploads\/2025\/01\/Journee-Eco-Delegue-jardin-botanique-107-473x1024.jpeg 473w, https:\/\/lfih.org\/wp-content\/uploads\/2025\/01\/Journee-Eco-Delegue-jardin-botanique-107-139x300.jpeg 139w, https:\/\/lfih.org\/wp-content\/uploads\/2025\/01\/Journee-Eco-Delegue-jardin-botanique-107-46x100.jpeg 46w, https:\/\/lfih.org\/wp-content\/uploads\/2025\/01\/Journee-Eco-Delegue-jardin-botanique-107-710x1536.jpeg 710w, https:\/\/lfih.org\/wp-content\/uploads\/2025\/01\/Journee-Eco-Delegue-jardin-botanique-107.jpeg 924w, https:\/\/lfih.org\/wp-content\/uploads\/2025\/01\/Journee-Eco-Delegue-jardin-botanique-107-69x150.jpeg 69w\" sizes=\"(max-width: 473px) 100vw, 473px\" \/>\t\t\t\t\t\t\t\t<\/a>\n\t\t\t\t\t\t\t\t\t\t\t<\/div>\n\t\t\t\t<\/div>\n\t\t\t\t<\/div>\n\t\t\t\t\t\t<\/div>\n\t\t\t\t\t<\/div>\n\t\t<\/div>\n\t\t\t\t<div class=\"elementor-column elementor-col-16 elementor-top-column elementor-element elementor-element-9e9ef02\" data-id=\"9e9ef02\" data-element_type=\"column\">\n\t\t\t<div class=\"elementor-column-wrap elementor-element-populated\">\n\t\t\t\t\t\t\t<div class=\"elementor-widget-wrap\">\n\t\t\t\t\t\t<div class=\"elementor-element elementor-element-f6c833d elementor-widget elementor-widget-image\" data-id=\"f6c833d\" data-element_type=\"widget\" data-widget_type=\"image.default\">\n\t\t\t\t<div class=\"elementor-widget-container\">\n\t\t\t\t\t<div class=\"elementor-image\">\n\t\t\t\t\t\t\t\t\t\t\t<a href=\"https:\/\/lfih.org\/wp-content\/uploads\/2025\/01\/Journee-Eco-Delegue-jardin-botanique-16.jpeg\" data-elementor-open-lightbox=\"yes\" data-elementor-lightbox-title=\"Journ\u00e9e Eco-D\u00e9l\u00e9gu\u00e9 jardin botanique (16)\">\n\t\t\t\t\t\t\t<img width=\"473\" height=\"1024\" src=\"https:\/\/lfih.org\/wp-content\/uploads\/2025\/01\/Journee-Eco-Delegue-jardin-botanique-16-473x1024.jpeg\" class=\"attachment-large size-large\" alt=\"\" loading=\"lazy\" srcset=\"https:\/\/lfih.org\/wp-content\/uploads\/2025\/01\/Journee-Eco-Delegue-jardin-botanique-16-473x1024.jpeg 473w, https:\/\/lfih.org\/wp-content\/uploads\/2025\/01\/Journee-Eco-Delegue-jardin-botanique-16-139x300.jpeg 139w, https:\/\/lfih.org\/wp-content\/uploads\/2025\/01\/Journee-Eco-Delegue-jardin-botanique-16-46x100.jpeg 46w, https:\/\/lfih.org\/wp-content\/uploads\/2025\/01\/Journee-Eco-Delegue-jardin-botanique-16-710x1536.jpeg 710w, https:\/\/lfih.org\/wp-content\/uploads\/2025\/01\/Journee-Eco-Delegue-jardin-botanique-16.jpeg 924w, https:\/\/lfih.org\/wp-content\/uploads\/2025\/01\/Journee-Eco-Delegue-jardin-botanique-16-69x150.jpeg 69w\" sizes=\"(max-width: 473px) 100vw, 473px\" \/>\t\t\t\t\t\t\t\t<\/a>\n\t\t\t\t\t\t\t\t\t\t\t<\/div>\n\t\t\t\t<\/div>\n\t\t\t\t<\/div>\n\t\t\t\t\t\t<\/div>\n\t\t\t\t\t<\/div>\n\t\t<\/div>\n\t\t\t\t<div class=\"elementor-column elementor-col-16 elementor-top-column elementor-element elementor-element-c8643f5\" data-id=\"c8643f5\" data-element_type=\"column\">\n\t\t\t<div class=\"elementor-column-wrap elementor-element-populated\">\n\t\t\t\t\t\t\t<div class=\"elementor-widget-wrap\">\n\t\t\t\t\t\t<div class=\"elementor-element elementor-element-9acc1ae elementor-widget elementor-widget-image\" data-id=\"9acc1ae\" data-element_type=\"widget\" data-widget_type=\"image.default\">\n\t\t\t\t<div class=\"elementor-widget-container\">\n\t\t\t\t\t<div class=\"elementor-image\">\n\t\t\t\t\t\t\t\t\t\t\t<a href=\"https:\/\/lfih.org\/wp-content\/uploads\/2025\/01\/Journee-Eco-Delegue-jardin-botanique-94.jpeg\" data-elementor-open-lightbox=\"yes\" data-elementor-lightbox-title=\"Journ\u00e9e Eco-D\u00e9l\u00e9gu\u00e9 jardin botanique (94)\">\n\t\t\t\t\t\t\t<img width=\"473\" height=\"1024\" src=\"https:\/\/lfih.org\/wp-content\/uploads\/2025\/01\/Journee-Eco-Delegue-jardin-botanique-94-473x1024.jpeg\" class=\"attachment-large size-large\" alt=\"\" loading=\"lazy\" srcset=\"https:\/\/lfih.org\/wp-content\/uploads\/2025\/01\/Journee-Eco-Delegue-jardin-botanique-94-473x1024.jpeg 473w, https:\/\/lfih.org\/wp-content\/uploads\/2025\/01\/Journee-Eco-Delegue-jardin-botanique-94-139x300.jpeg 139w, https:\/\/lfih.org\/wp-content\/uploads\/2025\/01\/Journee-Eco-Delegue-jardin-botanique-94-46x100.jpeg 46w, https:\/\/lfih.org\/wp-content\/uploads\/2025\/01\/Journee-Eco-Delegue-jardin-botanique-94-710x1536.jpeg 710w, https:\/\/lfih.org\/wp-content\/uploads\/2025\/01\/Journee-Eco-Delegue-jardin-botanique-94.jpeg 924w, https:\/\/lfih.org\/wp-content\/uploads\/2025\/01\/Journee-Eco-Delegue-jardin-botanique-94-69x150.jpeg 69w\" sizes=\"(max-width: 473px) 100vw, 473px\" \/>\t\t\t\t\t\t\t\t<\/a>\n\t\t\t\t\t\t\t\t\t\t\t<\/div>\n\t\t\t\t<\/div>\n\t\t\t\t<\/div>\n\t\t\t\t\t\t<\/div>\n\t\t\t\t\t<\/div>\n\t\t<\/div>\n\t\t\t\t<div class=\"elementor-column elementor-col-16 elementor-top-column elementor-element elementor-element-979d4d8\" data-id=\"979d4d8\" data-element_type=\"column\">\n\t\t\t<div class=\"elementor-column-wrap elementor-element-populated\">\n\t\t\t\t\t\t\t<div class=\"elementor-widget-wrap\">\n\t\t\t\t\t\t<div class=\"elementor-element elementor-element-54545bc elementor-widget elementor-widget-image\" data-id=\"54545bc\" data-element_type=\"widget\" data-widget_type=\"image.default\">\n\t\t\t\t<div class=\"elementor-widget-container\">\n\t\t\t\t\t<div class=\"elementor-image\">\n\t\t\t\t\t\t\t\t\t\t\t<a href=\"https:\/\/lfih.org\/wp-content\/uploads\/2025\/01\/Journee-Eco-Delegue-jardin-botanique-112.jpeg\" data-elementor-open-lightbox=\"yes\" data-elementor-lightbox-title=\"Journ\u00e9e Eco-D\u00e9l\u00e9gu\u00e9 jardin botanique (112)\">\n\t\t\t\t\t\t\t<img width=\"473\" height=\"1024\" src=\"https:\/\/lfih.org\/wp-content\/uploads\/2025\/01\/Journee-Eco-Delegue-jardin-botanique-112-473x1024.jpeg\" class=\"attachment-large size-large\" alt=\"\" loading=\"lazy\" srcset=\"https:\/\/lfih.org\/wp-content\/uploads\/2025\/01\/Journee-Eco-Delegue-jardin-botanique-112-473x1024.jpeg 473w, https:\/\/lfih.org\/wp-content\/uploads\/2025\/01\/Journee-Eco-Delegue-jardin-botanique-112-139x300.jpeg 139w, https:\/\/lfih.org\/wp-content\/uploads\/2025\/01\/Journee-Eco-Delegue-jardin-botanique-112-46x100.jpeg 46w, https:\/\/lfih.org\/wp-content\/uploads\/2025\/01\/Journee-Eco-Delegue-jardin-botanique-112-710x1536.jpeg 710w, https:\/\/lfih.org\/wp-content\/uploads\/2025\/01\/Journee-Eco-Delegue-jardin-botanique-112.jpeg 924w, https:\/\/lfih.org\/wp-content\/uploads\/2025\/01\/Journee-Eco-Delegue-jardin-botanique-112-69x150.jpeg 69w\" sizes=\"(max-width: 473px) 100vw, 473px\" \/>\t\t\t\t\t\t\t\t<\/a>\n\t\t\t\t\t\t\t\t\t\t\t<\/div>\n\t\t\t\t<\/div>\n\t\t\t\t<\/div>\n\t\t\t\t\t\t<\/div>\n\t\t\t\t\t<\/div>\n\t\t<\/div>\n\t\t\t\t<div class=\"elementor-column elementor-col-16 elementor-top-column elementor-element elementor-element-37bdd39\" data-id=\"37bdd39\" data-element_type=\"column\">\n\t\t\t<div class=\"elementor-column-wrap elementor-element-populated\">\n\t\t\t\t\t\t\t<div class=\"elementor-widget-wrap\">\n\t\t\t\t\t\t<div class=\"elementor-element elementor-element-d9e9c41 elementor-widget elementor-widget-image\" data-id=\"d9e9c41\" data-element_type=\"widget\" data-widget_type=\"image.default\">\n\t\t\t\t<div class=\"elementor-widget-container\">\n\t\t\t\t\t<div class=\"elementor-image\">\n\t\t\t\t\t\t\t\t\t\t\t<a href=\"https:\/\/lfih.org\/wp-content\/uploads\/2025\/01\/Journee-Eco-Delegue-jardin-botanique-104.jpeg\" data-elementor-open-lightbox=\"yes\" data-elementor-lightbox-title=\"Journ\u00e9e Eco-D\u00e9l\u00e9gu\u00e9 jardin botanique (104)\">\n\t\t\t\t\t\t\t<img width=\"473\" height=\"1024\" src=\"https:\/\/lfih.org\/wp-content\/uploads\/2025\/01\/Journee-Eco-Delegue-jardin-botanique-104-473x1024.jpeg\" class=\"attachment-large size-large\" alt=\"\" loading=\"lazy\" srcset=\"https:\/\/lfih.org\/wp-content\/uploads\/2025\/01\/Journee-Eco-Delegue-jardin-botanique-104-473x1024.jpeg 473w, https:\/\/lfih.org\/wp-content\/uploads\/2025\/01\/Journee-Eco-Delegue-jardin-botanique-104-139x300.jpeg 139w, https:\/\/lfih.org\/wp-content\/uploads\/2025\/01\/Journee-Eco-Delegue-jardin-botanique-104-46x100.jpeg 46w, https:\/\/lfih.org\/wp-content\/uploads\/2025\/01\/Journee-Eco-Delegue-jardin-botanique-104-710x1536.jpeg 710w, https:\/\/lfih.org\/wp-content\/uploads\/2025\/01\/Journee-Eco-Delegue-jardin-botanique-104.jpeg 924w, https:\/\/lfih.org\/wp-content\/uploads\/2025\/01\/Journee-Eco-Delegue-jardin-botanique-104-69x150.jpeg 69w\" sizes=\"(max-width: 473px) 100vw, 473px\" \/>\t\t\t\t\t\t\t\t<\/a>\n\t\t\t\t\t\t\t\t\t\t\t<\/div>\n\t\t\t\t<\/div>\n\t\t\t\t<\/div>\n\t\t\t\t\t\t<\/div>\n\t\t\t\t\t<\/div>\n\t\t<\/div>\n\t\t\t\t<div class=\"elementor-column elementor-col-16 elementor-top-column elementor-element elementor-element-dff90e6\" data-id=\"dff90e6\" data-element_type=\"column\">\n\t\t\t<div class=\"elementor-column-wrap elementor-element-populated\">\n\t\t\t\t\t\t\t<div class=\"elementor-widget-wrap\">\n\t\t\t\t\t\t<div class=\"elementor-element elementor-element-8e29209 elementor-widget elementor-widget-image\" data-id=\"8e29209\" data-element_type=\"widget\" data-widget_type=\"image.default\">\n\t\t\t\t<div class=\"elementor-widget-container\">\n\t\t\t\t\t<div class=\"elementor-image\">\n\t\t\t\t\t\t\t\t\t\t\t<a href=\"https:\/\/lfih.org\/wp-content\/uploads\/2025\/01\/Journee-Eco-Delegue-jardin-botanique-93.jpeg\" data-elementor-open-lightbox=\"yes\" data-elementor-lightbox-title=\"Journ\u00e9e Eco-D\u00e9l\u00e9gu\u00e9 jardin botanique (93)\">\n\t\t\t\t\t\t\t<img width=\"473\" height=\"1024\" src=\"https:\/\/lfih.org\/wp-content\/uploads\/2025\/01\/Journee-Eco-Delegue-jardin-botanique-93-473x1024.jpeg\" class=\"attachment-large size-large\" alt=\"\" loading=\"lazy\" srcset=\"https:\/\/lfih.org\/wp-content\/uploads\/2025\/01\/Journee-Eco-Delegue-jardin-botanique-93-473x1024.jpeg 473w, https:\/\/lfih.org\/wp-content\/uploads\/2025\/01\/Journee-Eco-Delegue-jardin-botanique-93-139x300.jpeg 139w, https:\/\/lfih.org\/wp-content\/uploads\/2025\/01\/Journee-Eco-Delegue-jardin-botanique-93-46x100.jpeg 46w, https:\/\/lfih.org\/wp-content\/uploads\/2025\/01\/Journee-Eco-Delegue-jardin-botanique-93-710x1536.jpeg 710w, https:\/\/lfih.org\/wp-content\/uploads\/2025\/01\/Journee-Eco-Delegue-jardin-botanique-93.jpeg 924w, https:\/\/lfih.org\/wp-content\/uploads\/2025\/01\/Journee-Eco-Delegue-jardin-botanique-93-69x150.jpeg 69w\" sizes=\"(max-width: 473px) 100vw, 473px\" \/>\t\t\t\t\t\t\t\t<\/a>\n\t\t\t\t\t\t\t\t\t\t\t<\/div>\n\t\t\t\t<\/div>\n\t\t\t\t<\/div>\n\t\t\t\t\t\t<\/div>\n\t\t\t\t\t<\/div>\n\t\t<\/div>\n\t\t\t\t\t\t\t\t<\/div>\n\t\t\t\t\t<\/div>\n\t\t<\/section>\n\t\t\t\t<section class=\"elementor-section elementor-top-section elementor-element elementor-element-382a2fc elementor-section-boxed elementor-section-height-default elementor-section-height-default\" data-id=\"382a2fc\" data-element_type=\"section\">\n\t\t\t\t\t\t<div class=\"elementor-container elementor-column-gap-default\">\n\t\t\t\t\t\t\t<div class=\"elementor-row\">\n\t\t\t\t\t<div class=\"elementor-column elementor-col-100 elementor-top-column elementor-element elementor-element-21a585d\" data-id=\"21a585d\" data-element_type=\"column\">\n\t\t\t<div class=\"elementor-column-wrap elementor-element-populated\">\n\t\t\t\t\t\t\t<div class=\"elementor-widget-wrap\">\n\t\t\t\t\t\t<div class=\"elementor-element elementor-element-c1e0481 elementor-align-center animated-slow elementor-invisible elementor-widget elementor-widget-button\" data-id=\"c1e0481\" data-element_type=\"widget\" data-settings=\"{&quot;_animation&quot;:&quot;fadeInUp&quot;,&quot;_animation_delay&quot;:400}\" data-widget_type=\"button.default\">\n\t\t\t\t<div class=\"elementor-widget-container\">\n\t\t\t\t\t<div class=\"elementor-button-wrapper\">\n\t\t\t<a href=\"https:\/\/www.instagram.com\/p\/DDsaHY_xrYs\/\" target=\"_blank\" class=\"elementor-button-link elementor-button elementor-size-sm\" role=\"button\">\n\t\t\t\t\t\t<span class=\"elementor-button-content-wrapper\">\n\t\t\t\t\t\t<span class=\"elementor-button-text\">Click here to see the video on instagram<\/span>\n\t\t<\/span>\n\t\t\t\t\t<\/a>\n\t\t<\/div>\n\t\t\t\t<\/div>\n\t\t\t\t<\/div>\n\t\t\t\t\t\t<\/div>\n\t\t\t\t\t<\/div>\n\t\t<\/div>\n\t\t\t\t\t\t\t\t<\/div>\n\t\t\t\t\t<\/div>\n\t\t<\/section>\n\t\t\t\t\t\t<\/div>\n\t\t\t\t\t\t<\/div>\n\t\t\t\t\t<\/div>\n\t\t","protected":false},"excerpt":{"rendered":"<p>Integration day for eco-delegates at Havana Botanical Garden Despite the rain, the primary and secondary eco-delegates got together to discuss,&nbsp;<a href=\"https:\/\/lfih.org\/index.php\/integration-day-for-eco-delegates-at-havana-botanical-garden\/\">&hellip;<\/a><\/p>\n","protected":false},"author":2,"featured_media":0,"comment_status":"closed","ping_status":"open","sticky":false,"template":"","format":"standard","meta":[],"categories":[3071],"tags":[],"_links":{"self":[{"href":"https:\/\/lfih.org\/index.php\/wp-json\/wp\/v2\/posts\/23527"}],"collection":[{"href":"https:\/\/lfih.org\/index.php\/wp-json\/wp\/v2\/posts"}],"about":[{"href":"https:\/\/lfih.org\/index.php\/wp-json\/wp\/v2\/types\/post"}],"author":[{"embeddable":true,"href":"https:\/\/lfih.org\/index.php\/wp-json\/wp\/v2\/users\/2"}],"replies":[{"embeddable":true,"href":"https:\/\/lfih.org\/index.php\/wp-json\/wp\/v2\/comments?post=23527"}],"version-history":[{"count":8,"href":"https:\/\/lfih.org\/index.php\/wp-json\/wp\/v2\/posts\/23527\/revisions"}],"predecessor-version":[{"id":23535,"href":"https:\/\/lfih.org\/index.php\/wp-json\/wp\/v2\/posts\/23527\/revisions\/23535"}],"wp:attachment":[{"href":"https:\/\/lfih.org\/index.php\/wp-json\/wp\/v2\/media?parent=23527"}],"wp:term":[{"taxonomy":"category","embeddable":true,"href":"https:\/\/lfih.org\/index.php\/wp-json\/wp\/v2\/categories?post=23527"},{"taxonomy":"post_tag","embeddable":true,"href":"https:\/\/lfih.org\/index.php\/wp-json\/wp\/v2\/tags?post=23527"}],"curies":[{"name":"wp","href":"https:\/\/api.w.org\/{rel}","templated":true}]}}