{"id":22873,"date":"2024-12-12T10:39:00","date_gmt":"2024-12-12T15:39:00","guid":{"rendered":"httpss:\/\/lfih.org\/?p=22873"},"modified":"2024-12-13T09:34:09","modified_gmt":"2024-12-13T14:34:09","slug":"podcast-le-partage-des-eaux-dalejo-carpentier-avec-les-4eme","status":"publish","type":"post","link":"https:\/\/lfih.org\/index.php\/podcast-le-partage-des-eaux-dalejo-carpentier-avec-les-4eme\/","title":{"rendered":"PODCAST \u00ab\u00a0Le partage des eaux\u00a0\u00bb d&rsquo;Alejo Carpentier avec les 4\u00e8me"},"content":{"rendered":"\t\t<div data-elementor-type=\"wp-post\" data-elementor-id=\"22873\" class=\"elementor elementor-22873\" data-elementor-settings=\"[]\">\n\t\t\t\t\t\t<div class=\"elementor-inner\">\n\t\t\t\t\t\t\t<div class=\"elementor-section-wrap\">\n\t\t\t\t\t\t\t<section class=\"elementor-section elementor-top-section elementor-element elementor-element-894ff7e elementor-section-boxed elementor-section-height-default elementor-section-height-default\" data-id=\"894ff7e\" data-element_type=\"section\">\n\t\t\t\t\t\t<div class=\"elementor-container elementor-column-gap-default\">\n\t\t\t\t\t\t\t<div class=\"elementor-row\">\n\t\t\t\t\t<div class=\"elementor-column elementor-col-50 elementor-top-column elementor-element elementor-element-6ba8f71\" data-id=\"6ba8f71\" data-element_type=\"column\">\n\t\t\t<div class=\"elementor-column-wrap elementor-element-populated\">\n\t\t\t\t\t\t\t<div class=\"elementor-widget-wrap\">\n\t\t\t\t\t\t<div class=\"elementor-element elementor-element-a9f8300 elementor-invisible elementor-widget elementor-widget-image\" data-id=\"a9f8300\" data-element_type=\"widget\" data-settings=\"{&quot;_animation&quot;:&quot;fadeInLeft&quot;}\" data-widget_type=\"image.default\">\n\t\t\t\t<div class=\"elementor-widget-container\">\n\t\t\t\t\t<div class=\"elementor-image\">\n\t\t\t\t\t\t\t\t\t\t<img width=\"300\" height=\"393\" src=\"https:\/\/lfih.org\/wp-content\/uploads\/2024\/11\/Alejo-Carpentier-300x393.jpg\" class=\"attachment-large size-large\" alt=\"\" loading=\"lazy\" srcset=\"https:\/\/lfih.org\/wp-content\/uploads\/2024\/11\/Alejo-Carpentier.jpg 300w, https:\/\/lfih.org\/wp-content\/uploads\/2024\/11\/Alejo-Carpentier-229x300.jpg 229w, https:\/\/lfih.org\/wp-content\/uploads\/2024\/11\/Alejo-Carpentier-76x100.jpg 76w, https:\/\/lfih.org\/wp-content\/uploads\/2024\/11\/Alejo-Carpentier-115x150.jpg 115w\" sizes=\"(max-width: 300px) 100vw, 300px\" \/>\t\t\t\t\t\t\t\t\t\t\t<\/div>\n\t\t\t\t<\/div>\n\t\t\t\t<\/div>\n\t\t\t\t\t\t<\/div>\n\t\t\t\t\t<\/div>\n\t\t<\/div>\n\t\t\t\t<div class=\"elementor-column elementor-col-50 elementor-top-column elementor-element elementor-element-f9ca7b6\" data-id=\"f9ca7b6\" data-element_type=\"column\">\n\t\t\t<div class=\"elementor-column-wrap elementor-element-populated\">\n\t\t\t\t\t\t\t<div class=\"elementor-widget-wrap\">\n\t\t\t\t\t\t<div class=\"elementor-element elementor-element-043fba9 animated-slow elementor-invisible elementor-widget elementor-widget-image\" data-id=\"043fba9\" data-element_type=\"widget\" data-settings=\"{&quot;_animation&quot;:&quot;fadeInRight&quot;,&quot;_animation_delay&quot;:500}\" data-widget_type=\"image.default\">\n\t\t\t\t<div class=\"elementor-widget-container\">\n\t\t\t\t\t<div class=\"elementor-image\">\n\t\t\t\t\t\t\t<figure class=\"wp-caption\">\n\t\t\t\t\t\t\t\t\t\t\t<a href=\"https:\/\/lfih.org\/wp-content\/uploads\/2024\/12\/20241125_112439.jpg\" data-elementor-open-lightbox=\"yes\" data-elementor-lightbox-title=\"20241125_112439\">\n\t\t\t\t\t\t\t<img width=\"980\" height=\"779\" src=\"https:\/\/lfih.org\/wp-content\/uploads\/2024\/12\/20241125_112439-980x779.jpg\" class=\"attachment-large size-large\" alt=\"\" loading=\"lazy\" srcset=\"https:\/\/lfih.org\/wp-content\/uploads\/2024\/12\/20241125_112439.jpg 980w, https:\/\/lfih.org\/wp-content\/uploads\/2024\/12\/20241125_112439-300x238.jpg 300w, https:\/\/lfih.org\/wp-content\/uploads\/2024\/12\/20241125_112439-100x79.jpg 100w, https:\/\/lfih.org\/wp-content\/uploads\/2024\/12\/20241125_112439-150x119.jpg 150w\" sizes=\"(max-width: 980px) 100vw, 980px\" \/>\t\t\t\t\t\t\t\t<\/a>\n\t\t\t\t\t\t\t\t\t\t\t<figcaption class=\"widget-image-caption wp-caption-text\">La classe de 4\u00e8me<\/figcaption>\n\t\t\t\t\t\t\t\t\t\t<\/figure>\n\t\t\t\t\t<\/div>\n\t\t\t\t<\/div>\n\t\t\t\t<\/div>\n\t\t\t\t\t\t<\/div>\n\t\t\t\t\t<\/div>\n\t\t<\/div>\n\t\t\t\t\t\t\t\t<\/div>\n\t\t\t\t\t<\/div>\n\t\t<\/section>\n\t\t\t\t<section class=\"elementor-section elementor-top-section elementor-element elementor-element-b8acf97 elementor-section-boxed elementor-section-height-default elementor-section-height-default\" data-id=\"b8acf97\" data-element_type=\"section\">\n\t\t\t\t\t\t<div class=\"elementor-container elementor-column-gap-default\">\n\t\t\t\t\t\t\t<div class=\"elementor-row\">\n\t\t\t\t\t<div class=\"elementor-column elementor-col-100 elementor-top-column elementor-element elementor-element-cb64871\" data-id=\"cb64871\" data-element_type=\"column\">\n\t\t\t<div class=\"elementor-column-wrap elementor-element-populated\">\n\t\t\t\t\t\t\t<div class=\"elementor-widget-wrap\">\n\t\t\t\t\t\t<div class=\"elementor-element elementor-element-cedb63d elementor-widget elementor-widget-text-editor\" data-id=\"cedb63d\" data-element_type=\"widget\" data-widget_type=\"text-editor.default\">\n\t\t\t\t<div class=\"elementor-widget-container\">\n\t\t\t\t\t<div class=\"elementor-text-editor elementor-clearfix\"><p>Le Partage des eaux. Un podcast r\u00e9alis\u00e9 par la classe de quatri\u00e8me<\/p><p>En cette ann\u00e9e de comm\u00e9moration de la naissance du plus francophone des \u00e9crivains cubains, la classe de quatri\u00e8me a relev\u00e9 l\u2019ambitieux d\u00e9fi de r\u00e9aliser un podcast autour de la lecture d\u2019un extrait du roman \u00ab\u00a0Le Partage des eaux\u00a0\u00bb.<\/p><p>Dans ce passage, le narrateur et sa ma\u00eetresse, Mouche, viennent d\u2019arriver depuis<\/p><p>New York dans une capitale latino-am\u00e9ricaine quand une insurrection \u00e9clate. Le couple se trouve alors confin\u00e9 dans un h\u00f4tel quand l\u2019eau et le pain viennent \u00e0 manquer. Une nouvelle vie s\u2019organise\u2026<\/p><p>R\u00e9unis en cercle de lecture, les \u00e9l\u00e8ves se sont livr\u00e9s \u00e0 une analyse d\u00e9taill\u00e9e de l\u2019extrait du chapitre VI, rendant ainsi un hommage appuy\u00e9 \u00e0 la prose jubilatoire du grand \u00e9crivain dont le Lyc\u00e9e Fran\u00e7ais International de La Havane porte le nom.<\/p><p>Le Partage des eaux. Podcast de 19\u2019 22 minutes, r\u00e9alis\u00e9 par la classe de quatri\u00e8me du<\/p><p>Lyc\u00e9e Fran\u00e7ais Alejo Carpentier de La Havane, \u00e0 partir du roman d\u2019Alejo Carpentier<strong>, \u00ab\u00a0Le<\/strong><\/p><p><strong>Partage des eaux\u00a0\u00bb<\/strong>, <em>Chapitre VI, pages 73 \u00e0 82, collection Folio, Edition Gallimard ,1956.<\/em><\/p><\/div>\n\t\t\t\t<\/div>\n\t\t\t\t<\/div>\n\t\t\t\t\t\t<\/div>\n\t\t\t\t\t<\/div>\n\t\t<\/div>\n\t\t\t\t\t\t\t\t<\/div>\n\t\t\t\t\t<\/div>\n\t\t<\/section>\n\t\t\t\t<section class=\"elementor-section elementor-top-section elementor-element elementor-element-2ff9f8c elementor-section-boxed elementor-section-height-default elementor-section-height-default\" data-id=\"2ff9f8c\" data-element_type=\"section\">\n\t\t\t\t\t\t<div class=\"elementor-container elementor-column-gap-default\">\n\t\t\t\t\t\t\t<div class=\"elementor-row\">\n\t\t\t\t\t<div class=\"elementor-column elementor-col-50 elementor-top-column elementor-element elementor-element-7793e04\" data-id=\"7793e04\" data-element_type=\"column\">\n\t\t\t<div class=\"elementor-column-wrap elementor-element-populated\">\n\t\t\t\t\t\t\t<div class=\"elementor-widget-wrap\">\n\t\t\t\t\t\t<div class=\"elementor-element elementor-element-c471f90 elementor-widget elementor-widget-image\" data-id=\"c471f90\" data-element_type=\"widget\" data-widget_type=\"image.default\">\n\t\t\t\t<div class=\"elementor-widget-container\">\n\t\t\t\t\t<div class=\"elementor-image\">\n\t\t\t\t\t\t\t\t\t\t\t<a href=\"https:\/\/lfih.org\/wp-content\/uploads\/2024\/12\/Le-aprtage-des-eaux.jpg\" data-elementor-open-lightbox=\"yes\" data-elementor-lightbox-title=\"Le aprtage des eaux\">\n\t\t\t\t\t\t\t<img width=\"385\" height=\"608\" src=\"https:\/\/lfih.org\/wp-content\/uploads\/2024\/12\/Le-aprtage-des-eaux-385x608.jpg\" class=\"attachment-large size-large\" alt=\"\" loading=\"lazy\" srcset=\"https:\/\/lfih.org\/wp-content\/uploads\/2024\/12\/Le-aprtage-des-eaux.jpg 385w, https:\/\/lfih.org\/wp-content\/uploads\/2024\/12\/Le-aprtage-des-eaux-190x300.jpg 190w, https:\/\/lfih.org\/wp-content\/uploads\/2024\/12\/Le-aprtage-des-eaux-63x100.jpg 63w, https:\/\/lfih.org\/wp-content\/uploads\/2024\/12\/Le-aprtage-des-eaux-95x150.jpg 95w\" sizes=\"(max-width: 385px) 100vw, 385px\" \/>\t\t\t\t\t\t\t\t<\/a>\n\t\t\t\t\t\t\t\t\t\t\t<\/div>\n\t\t\t\t<\/div>\n\t\t\t\t<\/div>\n\t\t\t\t\t\t<\/div>\n\t\t\t\t\t<\/div>\n\t\t<\/div>\n\t\t\t\t<div class=\"elementor-column elementor-col-50 elementor-top-column elementor-element elementor-element-b07aa04\" data-id=\"b07aa04\" data-element_type=\"column\">\n\t\t\t<div class=\"elementor-column-wrap elementor-element-populated\">\n\t\t\t\t\t\t\t<div class=\"elementor-widget-wrap\">\n\t\t\t\t\t\t<div class=\"elementor-element elementor-element-5a28b04 elementor-align-center animated-slow elementor-widget__width-initial elementor-invisible elementor-widget elementor-widget-button\" data-id=\"5a28b04\" data-element_type=\"widget\" data-settings=\"{&quot;_animation&quot;:&quot;fadeInRight&quot;,&quot;_animation_delay&quot;:1000}\" data-widget_type=\"button.default\">\n\t\t\t\t<div class=\"elementor-widget-container\">\n\t\t\t\t\t<div class=\"elementor-button-wrapper\">\n\t\t\t<a href=\"https:\/\/lfih.org\/wp-content\/uploads\/2024\/12\/Podcast-partage-des-eaux.mp3\" target=\"_blank\" class=\"elementor-button-link elementor-button elementor-size-sm\" role=\"button\">\n\t\t\t\t\t\t<span class=\"elementor-button-content-wrapper\">\n\t\t\t\t\t\t<span class=\"elementor-button-text\">Cliquez-ici pour \u00e9couter le PODCAST<\/span>\n\t\t<\/span>\n\t\t\t\t\t<\/a>\n\t\t<\/div>\n\t\t\t\t<\/div>\n\t\t\t\t<\/div>\n\t\t\t\t\t\t<\/div>\n\t\t\t\t\t<\/div>\n\t\t<\/div>\n\t\t\t\t\t\t\t\t<\/div>\n\t\t\t\t\t<\/div>\n\t\t<\/section>\n\t\t\t\t<section class=\"elementor-section elementor-top-section elementor-element elementor-element-445a43e elementor-section-boxed elementor-section-height-default elementor-section-height-default\" data-id=\"445a43e\" data-element_type=\"section\">\n\t\t\t\t\t\t<div class=\"elementor-container elementor-column-gap-default\">\n\t\t\t\t\t\t\t<div class=\"elementor-row\">\n\t\t\t\t\t<div class=\"elementor-column elementor-col-100 elementor-top-column elementor-element elementor-element-f83c340\" data-id=\"f83c340\" data-element_type=\"column\">\n\t\t\t<div class=\"elementor-column-wrap elementor-element-populated\">\n\t\t\t\t\t\t\t<div class=\"elementor-widget-wrap\">\n\t\t\t\t\t\t<div class=\"elementor-element elementor-element-be7a720 elementor-widget elementor-widget-image-gallery\" data-id=\"be7a720\" data-element_type=\"widget\" data-widget_type=\"image-gallery.default\">\n\t\t\t\t<div class=\"elementor-widget-container\">\n\t\t\t\t\t<div class=\"elementor-image-gallery\">\n\t\t\t\n\t\t<style type=\"text\/css\">\n\t\t\t#gallery-1 {\n\t\t\t\tmargin: auto;\n\t\t\t}\n\t\t\t#gallery-1 .gallery-item {\n\t\t\t\tfloat: left;\n\t\t\t\tmargin-top: 10px;\n\t\t\t\ttext-align: center;\n\t\t\t\twidth: 33%;\n\t\t\t}\n\t\t\t#gallery-1 img {\n\t\t\t\tborder: 2px solid #cfcfcf;\n\t\t\t}\n\t\t\t#gallery-1 .gallery-caption {\n\t\t\t\tmargin-left: 0;\n\t\t\t}\n\t\t\t\/* see gallery_shortcode() in wp-includes\/media.php *\/\n\t\t<\/style>\n\t\t<div id='gallery-1' class='gallery galleryid-22873 gallery-columns-3 gallery-size-thumbnail'><dl class='gallery-item'>\n\t\t\t<dt class='gallery-icon landscape'>\n\t\t\t\t<a data-elementor-open-lightbox=\"yes\" data-elementor-lightbox-slideshow=\"be7a720\" data-elementor-lightbox-title=\"20241121_112310\" href='https:\/\/lfih.org\/wp-content\/uploads\/2024\/12\/20241121_112310.jpg'><img width=\"150\" height=\"150\" src=\"https:\/\/lfih.org\/wp-content\/uploads\/2024\/12\/20241121_112310-150x150.jpg\" class=\"attachment-thumbnail size-thumbnail\" alt=\"\" loading=\"lazy\" \/><\/a>\n\t\t\t<\/dt><\/dl><dl class='gallery-item'>\n\t\t\t<dt class='gallery-icon landscape'>\n\t\t\t\t<a data-elementor-open-lightbox=\"yes\" data-elementor-lightbox-slideshow=\"be7a720\" data-elementor-lightbox-title=\"20241121_112340 (1)\" href='https:\/\/lfih.org\/wp-content\/uploads\/2024\/12\/20241121_112340-1.jpg'><img width=\"150\" height=\"150\" src=\"https:\/\/lfih.org\/wp-content\/uploads\/2024\/12\/20241121_112340-1-150x150.jpg\" class=\"attachment-thumbnail size-thumbnail\" alt=\"\" loading=\"lazy\" \/><\/a>\n\t\t\t<\/dt><\/dl><dl class='gallery-item'>\n\t\t\t<dt class='gallery-icon landscape'>\n\t\t\t\t<a data-elementor-open-lightbox=\"yes\" data-elementor-lightbox-slideshow=\"be7a720\" data-elementor-lightbox-title=\"20241121_112325\" href='https:\/\/lfih.org\/wp-content\/uploads\/2024\/12\/20241121_112325.jpg'><img width=\"150\" height=\"150\" src=\"https:\/\/lfih.org\/wp-content\/uploads\/2024\/12\/20241121_112325-150x150.jpg\" class=\"attachment-thumbnail size-thumbnail\" alt=\"\" loading=\"lazy\" \/><\/a>\n\t\t\t<\/dt><\/dl><br style=\"clear: both\" \/>\n\t\t<\/div>\n\t\t<\/div>\n\t\t\t\t<\/div>\n\t\t\t\t<\/div>\n\t\t\t\t\t\t<\/div>\n\t\t\t\t\t<\/div>\n\t\t<\/div>\n\t\t\t\t\t\t\t\t<\/div>\n\t\t\t\t\t<\/div>\n\t\t<\/section>\n\t\t\t\t\t\t<\/div>\n\t\t\t\t\t\t<\/div>\n\t\t\t\t\t<\/div>\n\t\t","protected":false},"excerpt":{"rendered":"<p>La classe de 4\u00e8me Le Partage des eaux. Un podcast r\u00e9alis\u00e9 par la classe de quatri\u00e8me En cette ann\u00e9e de&nbsp;<a href=\"https:\/\/lfih.org\/index.php\/podcast-le-partage-des-eaux-dalejo-carpentier-avec-les-4eme\/\">&hellip;<\/a><\/p>\n","protected":false},"author":2,"featured_media":0,"comment_status":"closed","ping_status":"open","sticky":false,"template":"","format":"standard","meta":[],"categories":[61],"tags":[],"_links":{"self":[{"href":"https:\/\/lfih.org\/index.php\/wp-json\/wp\/v2\/posts\/22873"}],"collection":[{"href":"https:\/\/lfih.org\/index.php\/wp-json\/wp\/v2\/posts"}],"about":[{"href":"https:\/\/lfih.org\/index.php\/wp-json\/wp\/v2\/types\/post"}],"author":[{"embeddable":true,"href":"https:\/\/lfih.org\/index.php\/wp-json\/wp\/v2\/users\/2"}],"replies":[{"embeddable":true,"href":"https:\/\/lfih.org\/index.php\/wp-json\/wp\/v2\/comments?post=22873"}],"version-history":[{"count":35,"href":"https:\/\/lfih.org\/index.php\/wp-json\/wp\/v2\/posts\/22873\/revisions"}],"predecessor-version":[{"id":22962,"href":"https:\/\/lfih.org\/index.php\/wp-json\/wp\/v2\/posts\/22873\/revisions\/22962"}],"wp:attachment":[{"href":"https:\/\/lfih.org\/index.php\/wp-json\/wp\/v2\/media?parent=22873"}],"wp:term":[{"taxonomy":"category","embeddable":true,"href":"https:\/\/lfih.org\/index.php\/wp-json\/wp\/v2\/categories?post=22873"},{"taxonomy":"post_tag","embeddable":true,"href":"https:\/\/lfih.org\/index.php\/wp-json\/wp\/v2\/tags?post=22873"}],"curies":[{"name":"wp","href":"https:\/\/api.w.org\/{rel}","templated":true}]}}