{"id":23553,"global_id":"lfih.org?id=23553","global_id_lineage":["lfih.org?id=23553"],"author":"2","status":"publish","date":"2025-01-24 10:45:26","date_utc":"2025-01-24 15:45:26","modified":"2025-01-24 10:46:28","modified_utc":"2025-01-24 15:46:28","url":"https:\/\/lfih.org\/index.php\/event\/semaine-des-enseignements-de-specialite-du-lundi-27-au-dimanche-31-janvier-2025\/","rest_url":"https:\/\/lfih.org\/index.php\/wp-json\/tribe\/events\/v1\/events\/23553","title":"Semaine des Enseignements de Sp\u00e9cialit\u00e9 du Lundi 27 au dimanche 31 janvier 2025","description":"<p><strong>Semaine des Enseignements de Sp\u00e9cialit\u00e9 \/\/ du lundi 27 au vendredi 31 janvier sur le forum AGORA<\/strong><\/p>\n<p><strong>\u00a0<\/strong><\/p>\n<p><strong>\u00a0<\/strong><\/p>\n<p>Une semaine d\u2019\u00e9changes entre les \u00e9l\u00e8ves de seconde et de premi\u00e8re, anciens \u00e9l\u00e8ves et enseignants du r\u00e9seau AEFE, est organis\u00e9e par la plateforme AGORA Monde afin d\u2019aiguiller et de r\u00e9pondre aux interrogations des \u00e9l\u00e8ves dans leur choix d\u2019enseignements de sp\u00e9cialit\u00e9.<\/p>\n<p>&nbsp;<\/p>\n<p><strong>Du lundi 27 au dimanche 31 Janvier 2025 aura lieu la cinqui\u00e8me \u00e9dition de la semaine des Enseignements de Sp\u00e9cialit\u00e9 sur le <\/strong><a href=\"https:\/\/agora-aefe.fr\/forum\/agora\/questions\"><strong>forum AGORA.<\/strong><\/a><\/p>\n<p>&nbsp;<\/p>\n<p>Cette semaine, plac\u00e9e sous le signe de l\u2019orientation au lyc\u00e9e, propose aux lyc\u00e9ens du r\u00e9seau de poser toutes leurs questions en ligne sur le forum AGORA. Pour l\u2019occasion, de nombreux enseignants du sp\u00e9cialit\u00e9 des lyc\u00e9es fran\u00e7ais du monde entier seront pr\u00e9sents pour apporter leurs conseils.<\/p>\n<p>&nbsp;<\/p>\n<p>Au programme :<\/p>\n<p>\u27a1\ufe0f Description des programmes des diff\u00e9rents enseignements<\/p>\n<p>\u27a1\ufe0f Un moment convivial et de partage autour des enseignements de sp\u00e9cialit\u00e9 et les possibilit\u00e9s qu\u2019ils ouvrent apr\u00e8s le baccalaur\u00e9at<\/p>\n<p>\u27a1\ufe0f L\u2019opportunit\u00e9 pour les lyc\u00e9ens de dialoguer \u00e0 distance et construire leur projet d&rsquo;orientation<\/p>\n<p>&nbsp;<\/p>\n<p>\u00c9l\u00e8ves de seconde, premi\u00e8re et parents d\u2019\u00e9l\u00e8ves, connectez- vous <strong>sur le forum AGORA, \u00e0 tout moment, du lundi 27 au dimanche 31 janvier 2025<\/strong> pour poser vos questions :<\/p>\n<h1 style=\"text-align: center;\"><a href=\"https:\/\/agora-aefe.us3.list-manage.com\/track\/click?u=bfc5644069476ce9d724c9cd4&amp;id=ed99f8487c&amp;e=c057235d0f\">https:\/\/agora-aefe.fr\/forum\/agora\/questions<\/a><\/h1>\n<p>&nbsp;<\/p>\n<p>Partagez votre exp\u00e9rience et guidez les \u00e9l\u00e8ves dans la voie qui leur correspond !<\/p>\n<p>\u00c0 bient\u00f4t sur AGORA !<\/p>\n<p>&nbsp;<\/p>\n<p>Marion Giraldou\u00a0: <a href=\"mailto:m.giraldou@gmail.com\">m.giraldou@gmail.com<\/a><\/p>\n<p>(r\u00e9f\u00e9rente Agora Cuba)<\/p>","excerpt":"","slug":"semaine-des-enseignements-de-specialite-du-lundi-27-au-dimanche-31-janvier-2025","image":false,"all_day":false,"start_date":"2025-01-24 08:00:00","start_date_details":{"year":"2025","month":"01","day":"24","hour":"08","minutes":"00","seconds":"00"},"end_date":"2025-01-24 17:00:00","end_date_details":{"year":"2025","month":"01","day":"24","hour":"17","minutes":"00","seconds":"00"},"utc_start_date":"2025-01-24 13:00:00","utc_start_date_details":{"year":"2025","month":"01","day":"24","hour":"13","minutes":"00","seconds":"00"},"utc_end_date":"2025-01-24 22:00:00","utc_end_date_details":{"year":"2025","month":"01","day":"24","hour":"22","minutes":"00","seconds":"00"},"timezone":"America\/Havana","timezone_abbr":"CST","cost":"","cost_details":{"currency_symbol":"","currency_position":"prefix","values":[]},"website":"","show_map":true,"show_map_link":true,"hide_from_listings":false,"sticky":false,"featured":false,"categories":[{"name":"\u00e9ducation","slug":"education","term_group":0,"term_taxonomy_id":84,"taxonomy":"tribe_events_cat","description":"","parent":0,"count":21,"filter":"raw","id":84,"urls":{"self":"https:\/\/lfih.org\/index.php\/wp-json\/tribe\/events\/v1\/categories\/84","collection":"https:\/\/lfih.org\/index.php\/wp-json\/tribe\/events\/v1\/categories"}}],"tags":[],"venue":[],"organizer":[],"json_ld":{"@context":"http:\/\/schema.org","@type":"Event","name":"Semaine des Enseignements de Sp\u00e9cialit\u00e9 du Lundi 27 au dimanche 31 janvier 2025","description":"&lt;p&gt;Semaine des Enseignements de Sp\u00e9cialit\u00e9 \/\/ du lundi 27 au vendredi 31 janvier sur le forum AGORA \u00a0 \u00a0 Une&nbsp;&lt;a href=&quot;https:\/\/lfih.org\/index.php\/event\/semaine-des-enseignements-de-specialite-du-lundi-27-au-dimanche-31-janvier-2025\/&quot;&gt;&hellip;&lt;\/a&gt;&lt;\/p&gt;\\n","url":"https:\/\/lfih.org\/index.php\/event\/semaine-des-enseignements-de-specialite-du-lundi-27-au-dimanche-31-janvier-2025\/","startDate":"2025-01-24T08:00:00-05:00","endDate":"2025-01-24T17:00:00-05:00","performer":"Organization"}}